{"id":42283,"date":"2026-04-30T18:30:00","date_gmt":"2026-04-30T21:30:00","guid":{"rendered":"https:\/\/correiodoestado.audiencelabs.com.br\/?p=42283"},"modified":"2026-04-30T12:27:03","modified_gmt":"2026-04-30T15:27:03","slug":"novo-aeroporto-brasileiro-tera-investimento-de-r-400-milhoes-para-atender-empresarios-e-turistas","status":"publish","type":"post","link":"https:\/\/correiodoestado.audiencelabs.com.br\/novo-aeroporto-brasileiro-tera-investimento-de-r-400-milhoes-para-atender-empresarios-e-turistas\/","title":{"rendered":"Novo aeroporto brasileiro ter\u00e1 investimento de R$ 400 milh\u00f5es para atender empres\u00e1rios e turistas"},"content":{"rendered":"\n<p>Amplamente reconhecida por sua for\u00e7a econ\u00f4mica e voca\u00e7\u00e3o mar\u00edtima, Itaja\u00ed, localizada em Santa Catarina, est\u00e1 prestes a ganhar um novo polo de avia\u00e7\u00e3o executiva nos pr\u00f3ximos anos. De acordo com o projeto aprovado, s\u00e3o estimados investimentos de aproximadamente\u00a0R$ 400 milh\u00f5es no local em que atualmente opera o Aer\u00f3dromo Campo Comandantes, situado no bairro Campeche.<\/p>\n\n\n\n<p>O cen\u00e1rio desenhado promete transformar a estrutura em um <a href=\"https:\/\/correiodoestado.com.br\/mix\/maior-aeroporto-do-brasil-chama-atencao-pela-media-de-furtos-por-dia\/\" target=\"_blank\" rel=\"noreferrer noopener\">aeroporto <\/a>executivo de alto padr\u00e3o, voltado ao atendimento de empres\u00e1rios, operadores de t\u00e1xi-a\u00e9reo, turistas e usu\u00e1rios da avia\u00e7\u00e3o privada. Exemplificando essa din\u00e2mica, o complexo contar\u00e1 com uma estrutura hoteleira e um boulevard de servi\u00e7os, al\u00e9m de um espa\u00e7o de eventos, com gastronomia e \u00e1rea de servi\u00e7os.<\/p>\n\n\n\n<figure class=\"wp-block-image size-large\"><img loading=\"lazy\" decoding=\"async\" width=\"1024\" height=\"683\" src=\"https:\/\/correiodoestado.audiencelabs.com.br\/wp-content\/uploads\/2026\/04\/pascal-meier-UYiesSO4FiM-unsplash-1-1024x683.jpg\" alt=\"\" class=\"wp-image-42285\" srcset=\"https:\/\/correiodoestado.audiencelabs.com.br\/wp-content\/uploads\/2026\/04\/pascal-meier-UYiesSO4FiM-unsplash-1-1024x683.jpg 1024w, https:\/\/correiodoestado.audiencelabs.com.br\/wp-content\/uploads\/2026\/04\/pascal-meier-UYiesSO4FiM-unsplash-1-300x200.jpg 300w, https:\/\/correiodoestado.audiencelabs.com.br\/wp-content\/uploads\/2026\/04\/pascal-meier-UYiesSO4FiM-unsplash-1-768x512.jpg 768w, https:\/\/correiodoestado.audiencelabs.com.br\/wp-content\/uploads\/2026\/04\/pascal-meier-UYiesSO4FiM-unsplash-1-1536x1024.jpg 1536w, https:\/\/correiodoestado.audiencelabs.com.br\/wp-content\/uploads\/2026\/04\/pascal-meier-UYiesSO4FiM-unsplash-1-750x500.jpg 750w, https:\/\/correiodoestado.audiencelabs.com.br\/wp-content\/uploads\/2026\/04\/pascal-meier-UYiesSO4FiM-unsplash-1-1140x760.jpg 1140w, https:\/\/correiodoestado.audiencelabs.com.br\/wp-content\/uploads\/2026\/04\/pascal-meier-UYiesSO4FiM-unsplash-1.jpg 1920w\" sizes=\"auto, (max-width: 1024px) 100vw, 1024px\" \/><figcaption class=\"wp-element-caption\">Cr\u00e9ditos: Unsplash<\/figcaption><\/figure>\n\n\n\n<p>Para justificar o investimento depositado, o empreendimento contar\u00e1 ainda com a amplia\u00e7\u00e3o da pista, melhorias na seguran\u00e7a operacional e a implanta\u00e7\u00e3o de uma estrutura mais completa para receber aeronaves de maior porte. Na pr\u00e1tica, o aeroporto tende a oferecer mais conforto e praticidade aos usu\u00e1rios, al\u00e9m de criar um ambiente integrado entre avia\u00e7\u00e3o, neg\u00f3cios e turismo.<\/p>\n\n\n\n<h2 class=\"wp-block-heading\">Mais detalhes sobre o projeto<\/h2>\n\n\n\n<p>Mostrando-se diferente dos demais aer\u00f3dromos do pa\u00eds, o projeto audacioso inclui um modelo de atendimento exclusivo para passageiros e tripula\u00e7\u00e3o, com servi\u00e7os personalizados de hospitalidade, como recep\u00e7\u00e3o diretamente na aeronave e suporte premium em solo. Embora as not\u00edcias sejam empolgantes, n\u00e3o h\u00e1 uma data exata para o in\u00edcio e conclus\u00e3o das obras.<\/p>\n\n\n\n<p>Nesse intervalo, o empreendimento em Itaja\u00ed contar\u00e1 com a implanta\u00e7\u00e3o de cerca de 65 hangares. Desse montante, 50 lotes far\u00e3o parte de um condom\u00ednio aeron\u00e1utico que j\u00e1 existe no local e estar\u00e3o dispon\u00edveis para venda, enquanto outros 15 hangares de maior porte ser\u00e3o destinados \u00e0 loca\u00e7\u00e3o e opera\u00e7\u00f5es do tipo FBO, voltadas \u00e0 hangaragem de aeronaves maiores.<\/p>\n\n\n\n<p>No que diz respeito ao impacto socioecon\u00f4mico, a previs\u00e3o \u00e9 que a fase de obras gere cerca de\u00a0700 vagas de emprego diretas, contemplando setores que v\u00e3o da\u00a0constru\u00e7\u00e3o civil \u00e0 manuten\u00e7\u00e3o e servi\u00e7os de apoio.\u00a0Contudo, ainda que o impacto local seja latente, os respons\u00e1veis pelo projeto ainda n\u00e3o divulgaram os n\u00fameros oficiais sobre os empregos indiretos previstos para a regi\u00e3o.<\/p>\n","protected":false},"excerpt":{"rendered":"<p>O cen\u00e1rio desenhado promete transformar a estrutura em um aeroporto executivo de alto padr\u00e3o, voltado ao atendimento de empres\u00e1rios, operadores de t\u00e1xi-a\u00e9reo, turistas e usu\u00e1rios da avia\u00e7\u00e3o privada<\/p>\n","protected":false},"author":8,"featured_media":42284,"comment_status":"open","ping_status":"open","sticky":false,"template":"","format":"standard","meta":{"jnews-multi-image_gallery":[],"jnews_single_post":{"format":"standard"},"jnews_primary_category":[],"jnews_social_meta":[],"footnotes":""},"categories":[1],"tags":[],"class_list":["post-42283","post","type-post","status-publish","format-standard","has-post-thumbnail","hentry","category-mix"],"_links":{"self":[{"href":"https:\/\/correiodoestado.audiencelabs.com.br\/wp-json\/wp\/v2\/posts\/42283","targetHints":{"allow":["GET"]}}],"collection":[{"href":"https:\/\/correiodoestado.audiencelabs.com.br\/wp-json\/wp\/v2\/posts"}],"about":[{"href":"https:\/\/correiodoestado.audiencelabs.com.br\/wp-json\/wp\/v2\/types\/post"}],"author":[{"embeddable":true,"href":"https:\/\/correiodoestado.audiencelabs.com.br\/wp-json\/wp\/v2\/users\/8"}],"replies":[{"embeddable":true,"href":"https:\/\/correiodoestado.audiencelabs.com.br\/wp-json\/wp\/v2\/comments?post=42283"}],"version-history":[{"count":1,"href":"https:\/\/correiodoestado.audiencelabs.com.br\/wp-json\/wp\/v2\/posts\/42283\/revisions"}],"predecessor-version":[{"id":42289,"href":"https:\/\/correiodoestado.audiencelabs.com.br\/wp-json\/wp\/v2\/posts\/42283\/revisions\/42289"}],"wp:featuredmedia":[{"embeddable":true,"href":"https:\/\/correiodoestado.audiencelabs.com.br\/wp-json\/wp\/v2\/media\/42284"}],"wp:attachment":[{"href":"https:\/\/correiodoestado.audiencelabs.com.br\/wp-json\/wp\/v2\/media?parent=42283"}],"wp:term":[{"taxonomy":"category","embeddable":true,"href":"https:\/\/correiodoestado.audiencelabs.com.br\/wp-json\/wp\/v2\/categories?post=42283"},{"taxonomy":"post_tag","embeddable":true,"href":"https:\/\/correiodoestado.audiencelabs.com.br\/wp-json\/wp\/v2\/tags?post=42283"}],"curies":[{"name":"wp","href":"https:\/\/api.w.org\/{rel}","templated":true}]}}