{"id":42286,"date":"2026-04-30T16:15:00","date_gmt":"2026-04-30T19:15:00","guid":{"rendered":"https:\/\/correiodoestado.audiencelabs.com.br\/?p=42286"},"modified":"2026-04-30T12:40:02","modified_gmt":"2026-04-30T15:40:02","slug":"confederacao-nacional-da-industria-mostra-preocupacao-com-o-fim-da-escala-6x1","status":"publish","type":"post","link":"https:\/\/correiodoestado.audiencelabs.com.br\/confederacao-nacional-da-industria-mostra-preocupacao-com-o-fim-da-escala-6x1\/","title":{"rendered":"Confedera\u00e7\u00e3o Nacional da Ind\u00fastria mostra preocupa\u00e7\u00e3o com o fim da escala 6&#215;1"},"content":{"rendered":"\n<p>A Confedera\u00e7\u00e3o Nacional da Ind\u00fastria (CNI) entregou um manifesto ao presidente da C\u00e2mara dos Deputados, Hugo Motta (Republicanos), demonstrando preocupa\u00e7\u00e3o com o avan\u00e7o das propostas que preveem o fim da escala 6&#215;1. O documento re\u00fane o posicionamento de federa\u00e7\u00f5es, associa\u00e7\u00f5es e sindicatos industriais, destacando poss\u00edveis impactos econ\u00f4micos caso haja mudan\u00e7as na jornada de trabalho sem debate t\u00e9cnico.<\/p>\n\n\n\n<p>A discuss\u00e3o ganhou um novo cap\u00edtulo com a instala\u00e7\u00e3o da comiss\u00e3o especial que vai analisar o tema. O colegiado ser\u00e1 presidido pelo deputado federal Alencar Santana (PT), enquanto a relatoria ficar\u00e1 com L\u00e9o Prates (Republicanos). Caber\u00e1 ao relator consolidar um texto-base a partir das propostas em tramita\u00e7\u00e3o ou apresentar uma nova vers\u00e3o, desde que consiga apoio da maioria dos 38 deputados que integram a comiss\u00e3o.<\/p>\n\n\n\n<figure class=\"wp-block-gallery has-nested-images columns-default is-cropped wp-block-gallery-1 is-layout-flex wp-block-gallery-is-layout-flex\">\n<figure class=\"wp-block-image size-large\"><img loading=\"lazy\" decoding=\"async\" width=\"1024\" height=\"613\" data-id=\"42288\" src=\"https:\/\/correiodoestado.audiencelabs.com.br\/wp-content\/uploads\/2026\/04\/0d7a3723-1024x613.webp\" alt=\"\" class=\"wp-image-42288\" srcset=\"https:\/\/correiodoestado.audiencelabs.com.br\/wp-content\/uploads\/2026\/04\/0d7a3723-1024x613.webp 1024w, https:\/\/correiodoestado.audiencelabs.com.br\/wp-content\/uploads\/2026\/04\/0d7a3723-300x179.webp 300w, https:\/\/correiodoestado.audiencelabs.com.br\/wp-content\/uploads\/2026\/04\/0d7a3723-768x459.webp 768w, https:\/\/correiodoestado.audiencelabs.com.br\/wp-content\/uploads\/2026\/04\/0d7a3723-750x449.webp 750w, https:\/\/correiodoestado.audiencelabs.com.br\/wp-content\/uploads\/2026\/04\/0d7a3723-1140x682.webp 1140w, https:\/\/correiodoestado.audiencelabs.com.br\/wp-content\/uploads\/2026\/04\/0d7a3723.webp 1170w\" sizes=\"auto, (max-width: 1024px) 100vw, 1024px\" \/><figcaption class=\"wp-element-caption\">Cr\u00e9ditos: Valter Campanato\/Ag\u00eancia Brasil <\/figcaption><\/figure>\n<\/figure>\n\n\n\n<p>No manifesto, a CNI reconhece a legitimidade do debate, mas alerta para efeitos econ\u00f4micos relevantes. Segundo a entidade, a redu\u00e7\u00e3o da jornada pode elevar os custos com trabalhadores formais em at\u00e9 R$ 267 bilh\u00f5es por ano. O argumento central \u00e9 que mudan\u00e7as estruturais precisam considerar a competitividade da ind\u00fastria brasileira, que j\u00e1 enfrenta desafios como altos custos de produ\u00e7\u00e3o e inseguran\u00e7a jur\u00eddica.<\/p>\n\n\n\n<h2 class=\"wp-block-heading\">Debate sobre escala 6&#215;1 segue acalorado no Brasil<\/h2>\n\n\n\n<p>Atualmente, tr\u00eas propostas tratam do tema no Congresso. A PEC da deputada Erika Hilton (Psol) prev\u00ea jornada de 36 horas semanais com implementa\u00e7\u00e3o em at\u00e9 um ano. J\u00e1 a proposta do deputado Reginaldo Lopes (PT) tamb\u00e9m estabelece 36 horas, mas com transi\u00e7\u00e3o ao longo de dez anos. Al\u00e9m delas, o projeto enviado pelo governo de Luiz In\u00e1cio Lula da Silva prop\u00f5e uma jornada de 40 horas semanais.<\/p>\n\n\n\n<p>A expectativa da C\u00e2mara \u00e9 avan\u00e7ar com a vota\u00e7\u00e3o ainda em maio, em refer\u00eancia ao Dia do Trabalhador. Antes disso, o presidente da Casa afirmou que diferentes setores da sociedade ser\u00e3o ouvidos para a constru\u00e7\u00e3o do texto final. O tema segue em debate e pode passar por altera\u00e7\u00f5es ao longo da tramita\u00e7\u00e3o, refletindo interesses diversos entre trabalhadores, empresas e o ambiente econ\u00f4mico do pa\u00eds.<\/p>\n","protected":false},"excerpt":{"rendered":"<p>A Confedera\u00e7\u00e3o Nacional da Ind\u00fastria (CNI) entregou um manifesto ao presidente da C\u00e2mara dos Deputados, Hugo Motta (Republicanos), demonstrando preocupa\u00e7\u00e3o com o avan\u00e7o das propostas que preveem o fim da escala 6&#215;1. O documento re\u00fane o posicionamento de federa\u00e7\u00f5es, associa\u00e7\u00f5es e sindicatos industriais, destacando poss\u00edveis impactos econ\u00f4micos caso haja mudan\u00e7as na jornada de trabalho sem [&hellip;]<\/p>\n","protected":false},"author":18,"featured_media":42287,"comment_status":"open","ping_status":"open","sticky":false,"template":"","format":"standard","meta":{"jnews-multi-image_gallery":[],"jnews_single_post":{"format":"standard"},"jnews_primary_category":[],"jnews_social_meta":[],"footnotes":""},"categories":[1],"tags":[],"class_list":["post-42286","post","type-post","status-publish","format-standard","has-post-thumbnail","hentry","category-mix"],"_links":{"self":[{"href":"https:\/\/correiodoestado.audiencelabs.com.br\/wp-json\/wp\/v2\/posts\/42286","targetHints":{"allow":["GET"]}}],"collection":[{"href":"https:\/\/correiodoestado.audiencelabs.com.br\/wp-json\/wp\/v2\/posts"}],"about":[{"href":"https:\/\/correiodoestado.audiencelabs.com.br\/wp-json\/wp\/v2\/types\/post"}],"author":[{"embeddable":true,"href":"https:\/\/correiodoestado.audiencelabs.com.br\/wp-json\/wp\/v2\/users\/18"}],"replies":[{"embeddable":true,"href":"https:\/\/correiodoestado.audiencelabs.com.br\/wp-json\/wp\/v2\/comments?post=42286"}],"version-history":[{"count":2,"href":"https:\/\/correiodoestado.audiencelabs.com.br\/wp-json\/wp\/v2\/posts\/42286\/revisions"}],"predecessor-version":[{"id":42291,"href":"https:\/\/correiodoestado.audiencelabs.com.br\/wp-json\/wp\/v2\/posts\/42286\/revisions\/42291"}],"wp:featuredmedia":[{"embeddable":true,"href":"https:\/\/correiodoestado.audiencelabs.com.br\/wp-json\/wp\/v2\/media\/42287"}],"wp:attachment":[{"href":"https:\/\/correiodoestado.audiencelabs.com.br\/wp-json\/wp\/v2\/media?parent=42286"}],"wp:term":[{"taxonomy":"category","embeddable":true,"href":"https:\/\/correiodoestado.audiencelabs.com.br\/wp-json\/wp\/v2\/categories?post=42286"},{"taxonomy":"post_tag","embeddable":true,"href":"https:\/\/correiodoestado.audiencelabs.com.br\/wp-json\/wp\/v2\/tags?post=42286"}],"curies":[{"name":"wp","href":"https:\/\/api.w.org\/{rel}","templated":true}]}}