{"id":42314,"date":"2026-04-30T19:35:00","date_gmt":"2026-04-30T22:35:00","guid":{"rendered":"https:\/\/correiodoestado.audiencelabs.com.br\/?p=42314"},"modified":"2026-04-30T15:37:01","modified_gmt":"2026-04-30T18:37:01","slug":"acusacao-grave-tira-arbitro-famoso-da-copa-do-mundo","status":"publish","type":"post","link":"https:\/\/correiodoestado.audiencelabs.com.br\/acusacao-grave-tira-arbitro-famoso-da-copa-do-mundo\/","title":{"rendered":"Acusa\u00e7\u00e3o grave tira \u00e1rbitro famoso da Copa do Mundo"},"content":{"rendered":"\n<p>Com menos de dois meses para o in\u00edcio da <a href=\"https:\/\/correiodoestado.com.br\/mix\/arrascaeta-vai-perder-a-copa-do-mundo-apos-lesao-confirmado\/\" target=\"_blank\" rel=\"noopener\">Copa do Mundo de 2026<\/a>, a FIFA anunciou o afastamento preventivo de um \u00e1rbitro internacional cotado para figurar no principal torneio de sele\u00e7\u00f5es do planeta. Sem revelar o nome do profissional, o  jornal&nbsp;<em>The Sun<\/em> refor\u00e7ou que a decis\u00e3o est\u00e1 sustentada por um suposto caso de agress\u00e3o contra uma adolescente.<\/p>\n\n\n\n<p>De acordo com apura\u00e7\u00f5es do renomado peri\u00f3dico, o epis\u00f3dio vem sendo investigado pelas autoridades do Reino Unido, pregando sigilo e cautela na mesma propor\u00e7\u00e3o. As informa\u00e7\u00f5es preliminares d\u00e3o conta de que o \u00e1rbitro foi acusado de agress\u00e3o sexual por uma jovem, em um hotel. A a\u00e7\u00e3o teria ocorrido quando o infrator estava no pa\u00eds para apitar um jogo de uma competi\u00e7\u00e3o continental.<\/p>\n\n\n\n<figure class=\"wp-block-image size-large\"><img loading=\"lazy\" decoding=\"async\" width=\"1024\" height=\"683\" src=\"https:\/\/correiodoestado.audiencelabs.com.br\/wp-content\/uploads\/2026\/04\/my-profit-tutor-bdJ8Kxaz-mQ-unsplash-1-1024x683.jpg\" alt=\"\" class=\"wp-image-39688\" srcset=\"https:\/\/correiodoestado.audiencelabs.com.br\/wp-content\/uploads\/2026\/04\/my-profit-tutor-bdJ8Kxaz-mQ-unsplash-1-1024x683.jpg 1024w, https:\/\/correiodoestado.audiencelabs.com.br\/wp-content\/uploads\/2026\/04\/my-profit-tutor-bdJ8Kxaz-mQ-unsplash-1-300x200.jpg 300w, https:\/\/correiodoestado.audiencelabs.com.br\/wp-content\/uploads\/2026\/04\/my-profit-tutor-bdJ8Kxaz-mQ-unsplash-1-768x512.jpg 768w, https:\/\/correiodoestado.audiencelabs.com.br\/wp-content\/uploads\/2026\/04\/my-profit-tutor-bdJ8Kxaz-mQ-unsplash-1-1536x1024.jpg 1536w, https:\/\/correiodoestado.audiencelabs.com.br\/wp-content\/uploads\/2026\/04\/my-profit-tutor-bdJ8Kxaz-mQ-unsplash-1-750x500.jpg 750w, https:\/\/correiodoestado.audiencelabs.com.br\/wp-content\/uploads\/2026\/04\/my-profit-tutor-bdJ8Kxaz-mQ-unsplash-1-1140x760.jpg 1140w, https:\/\/correiodoestado.audiencelabs.com.br\/wp-content\/uploads\/2026\/04\/my-profit-tutor-bdJ8Kxaz-mQ-unsplash-1.jpg 1920w\" sizes=\"auto, (max-width: 1024px) 100vw, 1024px\" \/><figcaption class=\"wp-element-caption\">Cr\u00e9ditos: Unsplash<\/figcaption><\/figure>\n\n\n\n<p>A FIFA, ao passo que tomou conhecimento do caso, comunicou oficialmente que n\u00e3o escalar\u00e1 o profissional para nenhuma de suas competi\u00e7\u00f5es enquanto o processo estiver em andamento. A entidade informou que est\u00e1 \u201cciente da grave acusa\u00e7\u00e3o\u201d. Por outro lado, a UEFA tamb\u00e9m ressaltou que acompanha o caso \u201ccom grande preocupa\u00e7\u00e3o\u201d, decidindo adotar a mesma medida em seus torneios.<\/p>\n\n\n\n<p>Todo o caso tem despertado a curiosidade da imprensa, torcedores, jogadores e de todas as pessoas envolvidas com o desporto. Ainda que tenha sido cortado da Copa do Mundo, a ser realizada nos Estados Unidos, M\u00e9xico e Canad\u00e1, o homem, na faixa dos 30 anos, foi liberado sob fian\u00e7a. Essa informa\u00e7\u00e3o foi refor\u00e7ada pela Pol\u00edcia Metropolitana de Londres.<\/p>\n\n\n\n<h2 class=\"wp-block-heading\">Convoca\u00e7\u00f5es para a Copa do Mundo<\/h2>\n\n\n\n<p>Nas \u00faltimas semanas, a FIFA anunciou que o Mundial de sele\u00e7\u00f5es ter\u00e1 52 \u00e1rbitros, 88 assistentes e 30 \u00e1rbitros de v\u00eddeo. De acordo com o diretor de arbitragem da entidade, Pierluigi Collina, todos os profissionais foram escolhidos conforme suas qualifica\u00e7\u00f5es. Para projet\u00e1-los ao maior torneio de futebol do planeta, levaram em considera\u00e7\u00e3o os \u00faltimos tr\u00eas anos de atividade.<\/p>\n\n\n\n<p><strong>Confira o rol dos \u00e1rbitros:<\/strong><\/p>\n\n\n\n<ul class=\"wp-block-list\">\n<li><strong>Ar\u00e1bia Saudita:<\/strong> Khalid Al Turais;<\/li>\n\n\n\n<li><strong>\u00c1frica do Sul:<\/strong> Abongile Tom<\/li>\n\n\n\n<li><strong>Alemanha: <\/strong>Felix Zwayer;<\/li>\n\n\n\n<li><strong>Arg\u00e9lia: <\/strong>Mustapha Ghorbal;<\/li>\n\n\n\n<li><strong>Argentina:<\/strong> Yael Falcon Perez, Dario Herrera e Facundo Tello;<\/li>\n\n\n\n<li><strong>Austr\u00e1lia:<\/strong> Alireza Faghani;<\/li>\n\n\n\n<li><strong>Brasil: Raphael Claus, Ramon Abatti e Wilton Sampaio;<\/strong><\/li>\n\n\n\n<li><strong>Canad\u00e1: <\/strong>Drew Fischer;<\/li>\n\n\n\n<li><strong>Catar: <\/strong>Abdulrahman Al Jassim;<\/li>\n\n\n\n<li><strong>Chile: <\/strong>Cristian Garay;<\/li>\n\n\n\n<li><strong>China: <\/strong>Ma Ning;<\/li>\n\n\n\n<li><strong>Col\u00f4mbia: <\/strong>Andres Rojas;<\/li>\n\n\n\n<li><strong>Costa Rica: <\/strong>Juan Calderon;<\/li>\n\n\n\n<li><strong>Egito: <\/strong>Amin Mohamed;<\/li>\n\n\n\n<li><strong>El Salvador: <\/strong>Ivan Barton;<\/li>\n\n\n\n<li><strong>Emirados \u00c1rabes Unidos: <\/strong>Omar Al Ali;<\/li>\n\n\n\n<li><strong>Eslov\u00eania: <\/strong>Slavko Vincic;<\/li>\n\n\n\n<li><strong>Espanha: <\/strong>Alejandro Hernandez;<\/li>\n\n\n\n<li><strong>Estados Unidos: <\/strong>Ismail Elfath e Tori Penso;<\/li>\n\n\n\n<li><strong>Fran\u00e7a: <\/strong>Francois Letexier e Clement Turpin;<\/li>\n\n\n\n<li><strong>Gab\u00e3o:<\/strong> Pierre Atcho;<\/li>\n\n\n\n<li><strong>Holanda: <\/strong>Danny Makkelie;<\/li>\n\n\n\n<li><strong>Honduras: <\/strong>Hector Said Martinez;<\/li>\n\n\n\n<li><strong>Inglaterra: <\/strong>Michael Oliver e Anthony Taylor;<\/li>\n\n\n\n<li><strong>It\u00e1lia: <\/strong>Maurizio Mariani;<\/li>\n\n\n\n<li><strong>Jamaica: <\/strong>Oshane Nation;<\/li>\n\n\n\n<li><strong>Jap\u00e3o: <\/strong>Yusuke Araki;<\/li>\n\n\n\n<li><strong>Jord\u00e2nia:<\/strong> Adham Makhadmeh;<\/li>\n\n\n\n<li><strong>Marrocos:<\/strong> Jalal Jayed;<\/li>\n\n\n\n<li><strong>Maurit\u00e2nia: <\/strong>Dahane Beida;<\/li>\n\n\n\n<li><strong>M\u00e9xico: <\/strong>Katia Garcia e Cesar Ramos;<\/li>\n\n\n\n<li><strong>Noruega: <\/strong>Espen Eskas;<\/li>\n\n\n\n<li><strong>Nova Zel\u00e2ndia:<\/strong> Campbell-Kirk Kawana-Waugh;<\/li>\n\n\n\n<li><strong>Paraguai: <\/strong>Juan Gabriel Benitez;<\/li>\n\n\n\n<li><strong>Peru: <\/strong>Kevin Ortega<\/li>\n\n\n\n<li><strong>Pol\u00f4nia: <\/strong>Szymon Marciniak;<\/li>\n\n\n\n<li><strong>Portugal:<\/strong> Jo\u00e3o Pinheiro;<\/li>\n\n\n\n<li><strong>Rom\u00eania: <\/strong>Istvan Kovacs;<\/li>\n\n\n\n<li><strong>Som\u00e1lia: <\/strong>Omar Abdulkadir Artan;<\/li>\n\n\n\n<li><strong>Su\u00e9cia: <\/strong>Glenn Nyberg;<\/li>\n\n\n\n<li><strong>Su\u00ed\u00e7a: <\/strong>Sandro Schaerer;<\/li>\n\n\n\n<li><strong>Uruguai:<\/strong> Gustavo Tejera;<\/li>\n\n\n\n<li><strong>Uzbequist\u00e3o:<\/strong> Ilgiz Tantashev;<\/li>\n\n\n\n<li><strong>Venezuela: <\/strong>Jesus Valenzuela.<\/li>\n<\/ul>\n","protected":false},"excerpt":{"rendered":"<p>Com menos de dois meses para o in\u00edcio da Copa do Mundo de 2026, a FIFA anunciou o afastamento preventivo de um \u00e1rbitro internacional cotado para figurar no principal torneio de sele\u00e7\u00f5es do planet<\/p>\n","protected":false},"author":8,"featured_media":34921,"comment_status":"open","ping_status":"open","sticky":false,"template":"","format":"standard","meta":{"jnews-multi-image_gallery":[],"jnews_single_post":{"format":"standard"},"jnews_primary_category":[],"jnews_social_meta":[],"footnotes":""},"categories":[1],"tags":[],"class_list":["post-42314","post","type-post","status-publish","format-standard","has-post-thumbnail","hentry","category-mix"],"_links":{"self":[{"href":"https:\/\/correiodoestado.audiencelabs.com.br\/wp-json\/wp\/v2\/posts\/42314","targetHints":{"allow":["GET"]}}],"collection":[{"href":"https:\/\/correiodoestado.audiencelabs.com.br\/wp-json\/wp\/v2\/posts"}],"about":[{"href":"https:\/\/correiodoestado.audiencelabs.com.br\/wp-json\/wp\/v2\/types\/post"}],"author":[{"embeddable":true,"href":"https:\/\/correiodoestado.audiencelabs.com.br\/wp-json\/wp\/v2\/users\/8"}],"replies":[{"embeddable":true,"href":"https:\/\/correiodoestado.audiencelabs.com.br\/wp-json\/wp\/v2\/comments?post=42314"}],"version-history":[{"count":2,"href":"https:\/\/correiodoestado.audiencelabs.com.br\/wp-json\/wp\/v2\/posts\/42314\/revisions"}],"predecessor-version":[{"id":42320,"href":"https:\/\/correiodoestado.audiencelabs.com.br\/wp-json\/wp\/v2\/posts\/42314\/revisions\/42320"}],"wp:featuredmedia":[{"embeddable":true,"href":"https:\/\/correiodoestado.audiencelabs.com.br\/wp-json\/wp\/v2\/media\/34921"}],"wp:attachment":[{"href":"https:\/\/correiodoestado.audiencelabs.com.br\/wp-json\/wp\/v2\/media?parent=42314"}],"wp:term":[{"taxonomy":"category","embeddable":true,"href":"https:\/\/correiodoestado.audiencelabs.com.br\/wp-json\/wp\/v2\/categories?post=42314"},{"taxonomy":"post_tag","embeddable":true,"href":"https:\/\/correiodoestado.audiencelabs.com.br\/wp-json\/wp\/v2\/tags?post=42314"}],"curies":[{"name":"wp","href":"https:\/\/api.w.org\/{rel}","templated":true}]}}