{"id":42321,"date":"2026-04-30T16:35:00","date_gmt":"2026-04-30T19:35:00","guid":{"rendered":"https:\/\/correiodoestado.audiencelabs.com.br\/?p=42321"},"modified":"2026-04-30T16:21:29","modified_gmt":"2026-04-30T19:21:29","slug":"real-madrid-recebe-nao-de-treinador-favorito-para-assumir-o-cargo","status":"publish","type":"post","link":"https:\/\/correiodoestado.audiencelabs.com.br\/real-madrid-recebe-nao-de-treinador-favorito-para-assumir-o-cargo\/","title":{"rendered":"Real Madrid recebe n\u00e3o de treinador favorito para assumir o cargo"},"content":{"rendered":"\n<p>Embora \u00c1lvaro Arbeloa siga no comando do<a href=\"https:\/\/correiodoestado.com.br\/mix\/endrick-avisado-real-madrid-decide-vender-atacante-na-proxima-janela\/\" target=\"_blank\" rel=\"noreferrer noopener\"> Real Madrid<\/a> at\u00e9 segundas ordens, o presidente Florentino P\u00e9rez est\u00e1 na busca por um novo treinador para a temporada 2026\/27. Alguns nomes foram sondados nas \u00faltimas semanas, mas o principal rejeitou se colocar \u00e0 frente do Mbapp\u00e9 e companhia. Trata-se de J\u00fcrgen Klopp, ex-t\u00e9cnico do Liverpool.<\/p>\n\n\n\n<p>Segundo o jornal <em>AS<\/em>, da Espanha, o plano A do maior campe\u00e3o da Champions League n\u00e3o est\u00e1 disposto a deixar o posto de diretor esportivo geral do Leipzig, da Alemanha. Isso porque Klopp foca integralmente em assumir a sele\u00e7\u00e3o alem\u00e3 no futuro. Ainda que tenha respeito pelo trabalho de Nagelsmann, atual comandante da delega\u00e7\u00e3o, nutre a esperan\u00e7a de representar seu pa\u00eds de origem \u00e0 beira de campo.<\/p>\n\n\n\n<figure class=\"wp-block-image size-large\"><img loading=\"lazy\" decoding=\"async\" width=\"1024\" height=\"705\" src=\"https:\/\/correiodoestado.audiencelabs.com.br\/wp-content\/uploads\/2026\/04\/FMoNlYCX0AIE6IF-1-1024x705.jpg\" alt=\"\" class=\"wp-image-42329\" srcset=\"https:\/\/correiodoestado.audiencelabs.com.br\/wp-content\/uploads\/2026\/04\/FMoNlYCX0AIE6IF-1-1024x705.jpg 1024w, https:\/\/correiodoestado.audiencelabs.com.br\/wp-content\/uploads\/2026\/04\/FMoNlYCX0AIE6IF-1-300x207.jpg 300w, https:\/\/correiodoestado.audiencelabs.com.br\/wp-content\/uploads\/2026\/04\/FMoNlYCX0AIE6IF-1-768x529.jpg 768w, https:\/\/correiodoestado.audiencelabs.com.br\/wp-content\/uploads\/2026\/04\/FMoNlYCX0AIE6IF-1-1536x1058.jpg 1536w, https:\/\/correiodoestado.audiencelabs.com.br\/wp-content\/uploads\/2026\/04\/FMoNlYCX0AIE6IF-1-scaled.jpg 2048w, https:\/\/correiodoestado.audiencelabs.com.br\/wp-content\/uploads\/2026\/04\/FMoNlYCX0AIE6IF-1-750x517.jpg 750w, https:\/\/correiodoestado.audiencelabs.com.br\/wp-content\/uploads\/2026\/04\/FMoNlYCX0AIE6IF-1-1140x785.jpg 1140w\" sizes=\"auto, (max-width: 1024px) 100vw, 1024px\" \/><figcaption class=\"wp-element-caption\">Cr\u00e9ditos: Divulga\u00e7\u00e3o\/Liverpool<\/figcaption><\/figure>\n\n\n\n<p>J\u00fcrgen Klopp n\u00e3o assume uma equipe desde 2024, quando oficializou sua sa\u00edda do Liverpool. \u00c0 frente do The Reds, atuou em 489 partidas, faturando 298 vit\u00f3rias, 109 empates e 82 derrotas. No mais, ergueu uma Champions League, uma Premier League, uma Supercopa da UEFA, um Mundial de Clubes, uma Ta\u00e7a da Inglaterra, duas Ta\u00e7as da Liga da Inglaterra e uma Superta\u00e7a da Inglaterra.<\/p>\n\n\n\n<h2 class=\"wp-block-heading\">Tens\u00e3o criada nos bastidores do Real Madrid<\/h2>\n\n\n\n<p>Anunciado como treinador merengue de forma tempor\u00e1ria em janeiro deste ano, Arbeloa passou longe de desenhar uma temporada memor\u00e1vel. Al\u00e9m dos deslizes em campo em todas as competi\u00e7\u00f5es disputadas, o treinador virou piv\u00f4 de um atrito no vesti\u00e1rio. Segundo o jornalista Guillermo Rai, do jornal \u201cThe Athletic\u201d, h\u00e1 uma divis\u00e3o entre o treinador e Dani Carvajal, capit\u00e3o do Real.<\/p>\n\n\n\n<p>Ainda de acordo com as apura\u00e7\u00f5es, o centro da desaven\u00e7a seria a forma como um grupo de jogadores espanh\u00f3is estaria sendo tratado, principalmente sobre falta de minutagem. Por consequ\u00eancia, h\u00e1 uma clara reparti\u00e7\u00e3o nos bastidores espanh\u00f3is, sustentada pelos apoiadores de Arbeloa, incluindo o brasileiro\u00a0Vinicius J\u00fanior, e os que est\u00e3o descontentes com o treinador, como Kylian Mbapp\u00e9 e Carvajal.<\/p>\n","protected":false},"excerpt":{"rendered":"<p>Embora \u00c1lvaro Arbeloa siga no comando do Real Madrid at\u00e9 segundas ordens, o presidente Floretino P\u00e9rez est\u00e1 na busca por um novo treinador para a temporada 2026\/27<\/p>\n","protected":false},"author":8,"featured_media":42326,"comment_status":"open","ping_status":"open","sticky":false,"template":"","format":"standard","meta":{"jnews-multi-image_gallery":[],"jnews_single_post":{"format":"standard"},"jnews_primary_category":[],"jnews_social_meta":[],"footnotes":""},"categories":[1],"tags":[],"class_list":["post-42321","post","type-post","status-publish","format-standard","has-post-thumbnail","hentry","category-mix"],"_links":{"self":[{"href":"https:\/\/correiodoestado.audiencelabs.com.br\/wp-json\/wp\/v2\/posts\/42321","targetHints":{"allow":["GET"]}}],"collection":[{"href":"https:\/\/correiodoestado.audiencelabs.com.br\/wp-json\/wp\/v2\/posts"}],"about":[{"href":"https:\/\/correiodoestado.audiencelabs.com.br\/wp-json\/wp\/v2\/types\/post"}],"author":[{"embeddable":true,"href":"https:\/\/correiodoestado.audiencelabs.com.br\/wp-json\/wp\/v2\/users\/8"}],"replies":[{"embeddable":true,"href":"https:\/\/correiodoestado.audiencelabs.com.br\/wp-json\/wp\/v2\/comments?post=42321"}],"version-history":[{"count":1,"href":"https:\/\/correiodoestado.audiencelabs.com.br\/wp-json\/wp\/v2\/posts\/42321\/revisions"}],"predecessor-version":[{"id":42330,"href":"https:\/\/correiodoestado.audiencelabs.com.br\/wp-json\/wp\/v2\/posts\/42321\/revisions\/42330"}],"wp:featuredmedia":[{"embeddable":true,"href":"https:\/\/correiodoestado.audiencelabs.com.br\/wp-json\/wp\/v2\/media\/42326"}],"wp:attachment":[{"href":"https:\/\/correiodoestado.audiencelabs.com.br\/wp-json\/wp\/v2\/media?parent=42321"}],"wp:term":[{"taxonomy":"category","embeddable":true,"href":"https:\/\/correiodoestado.audiencelabs.com.br\/wp-json\/wp\/v2\/categories?post=42321"},{"taxonomy":"post_tag","embeddable":true,"href":"https:\/\/correiodoestado.audiencelabs.com.br\/wp-json\/wp\/v2\/tags?post=42321"}],"curies":[{"name":"wp","href":"https:\/\/api.w.org\/{rel}","templated":true}]}}