{"id":4266,"date":"2025-08-09T12:00:00","date_gmt":"2025-08-09T15:00:00","guid":{"rendered":"https:\/\/correiodoestado.audiencelabs.com.br\/?p=4266"},"modified":"2025-08-05T17:06:21","modified_gmt":"2025-08-05T20:06:21","slug":"rede-de-supermercados-realiza-demissao-em-massa-para-fechar-600-lojas","status":"publish","type":"post","link":"https:\/\/correiodoestado.audiencelabs.com.br\/rede-de-supermercados-realiza-demissao-em-massa-para-fechar-600-lojas\/","title":{"rendered":"Rede de supermercados realiza demiss\u00e3o em massa para fechar 600 lojas"},"content":{"rendered":"\n<p>Pegando a todos de surpresa, a <a href=\"https:\/\/correiodoestado.com.br\/mix\/o-que-os-pais-querem-dizer-quando-nos-falam-que-o-seguro-morreu-de-velho\/\" target=\"_blank\" rel=\"noopener\">tradicional\u00a0<\/a>rede de supermercados\u00a0El Arco, da\u00a0Espanha, anunciou  encerramento das atividades em todas as 600 unidades em que operava. Ap\u00f3s quatro d\u00e9cadas de atua\u00e7\u00e3o, o conglomerado n\u00e3o teve outra escolha a n\u00e3o ser se resguardar, tendo em vista a imers\u00e3o em desastrosa crise financeira prolongada.<\/p>\n\n\n\n<p>A princ\u00edpio, a rede de supermercados havia dando ind\u00edcios de que poderia parar de operar em longa escala, uma vez que cerca de 100 funcion\u00e1rios tiveram seus contratos rescindidos. Fundada em 1987, a empresa se manteve no protagonismo do setor aliment\u00edcio devido a sua variedade de produtos frescos e por sua constante expans\u00e3o.<\/p>\n\n\n\n<p>Nesse \u00ednterim, o El Arco ganhou for\u00e7as no mercado ao adquirir novas marcas, o que culminou na abertura de novas unidades ao longo dos anos. Por\u00e9m, a rede n\u00e3o conseguiu sustentar seu modelo de\u00a0neg\u00f3cios diante das dificuldades financeiras crescentes. A crise levou \u00e0 venda de 29 lojas e duas centrais log\u00edsticas em 2024, na tentativa de abater parte das d\u00edvidas.<\/p>\n\n\n\n<p>A medida adotada cobriu apenas 70% das d\u00edvidas com fornecedores, o que n\u00e3o foi o suficiente para manter os sal\u00e1rios em dia com seus funcion\u00e1rios, al\u00e9m de n\u00e3o reabastecer os supermercados frequentemente. Ainda que os tr\u00e2mites nos bastidores fossem evidentes, os esfor\u00e7os foram em v\u00e3o, j\u00e1 que o impacto no mercado de trabalho local escalonou.<\/p>\n\n\n\n<h2 class=\"wp-block-heading\">Como o fechamentos dos supermercados impacta socialmente?<\/h2>\n\n\n\n<p>A princ\u00edpio, o primeiro impacto do encerramento das atividades das redes caiu sob os funcion\u00e1rios por terem sido demitidos. No entanto, um outro fato que gerou preocupa\u00e7\u00e3o foi a alta na taxa de desemprego atrelada ao descenso econ\u00f4mico local. Em contrapartida, a tend\u00eancia \u00e9 deque haja uma redistribui\u00e7\u00e3o dos clientes e trabalhadores para a concorr\u00eancia.<\/p>\n","protected":false},"excerpt":{"rendered":"<p>Pegando a todos de surpresa, tradicional\u00a0rede de supermercados decreta fim das atividade em 600 lojas, gerando aumento na taxa de desemprego <\/p>\n","protected":false},"author":8,"featured_media":4268,"comment_status":"open","ping_status":"open","sticky":false,"template":"","format":"standard","meta":{"jnews-multi-image_gallery":[],"jnews_single_post":{"format":"standard"},"jnews_primary_category":[],"jnews_social_meta":[],"footnotes":""},"categories":[1],"tags":[],"class_list":["post-4266","post","type-post","status-publish","format-standard","has-post-thumbnail","hentry","category-mix"],"_links":{"self":[{"href":"https:\/\/correiodoestado.audiencelabs.com.br\/wp-json\/wp\/v2\/posts\/4266","targetHints":{"allow":["GET"]}}],"collection":[{"href":"https:\/\/correiodoestado.audiencelabs.com.br\/wp-json\/wp\/v2\/posts"}],"about":[{"href":"https:\/\/correiodoestado.audiencelabs.com.br\/wp-json\/wp\/v2\/types\/post"}],"author":[{"embeddable":true,"href":"https:\/\/correiodoestado.audiencelabs.com.br\/wp-json\/wp\/v2\/users\/8"}],"replies":[{"embeddable":true,"href":"https:\/\/correiodoestado.audiencelabs.com.br\/wp-json\/wp\/v2\/comments?post=4266"}],"version-history":[{"count":3,"href":"https:\/\/correiodoestado.audiencelabs.com.br\/wp-json\/wp\/v2\/posts\/4266\/revisions"}],"predecessor-version":[{"id":4875,"href":"https:\/\/correiodoestado.audiencelabs.com.br\/wp-json\/wp\/v2\/posts\/4266\/revisions\/4875"}],"wp:featuredmedia":[{"embeddable":true,"href":"https:\/\/correiodoestado.audiencelabs.com.br\/wp-json\/wp\/v2\/media\/4268"}],"wp:attachment":[{"href":"https:\/\/correiodoestado.audiencelabs.com.br\/wp-json\/wp\/v2\/media?parent=4266"}],"wp:term":[{"taxonomy":"category","embeddable":true,"href":"https:\/\/correiodoestado.audiencelabs.com.br\/wp-json\/wp\/v2\/categories?post=4266"},{"taxonomy":"post_tag","embeddable":true,"href":"https:\/\/correiodoestado.audiencelabs.com.br\/wp-json\/wp\/v2\/tags?post=4266"}],"curies":[{"name":"wp","href":"https:\/\/api.w.org\/{rel}","templated":true}]}}