{"id":5379,"date":"2025-08-14T09:00:00","date_gmt":"2025-08-14T12:00:00","guid":{"rendered":"https:\/\/correiodoestado.audiencelabs.com.br\/?p=5379"},"modified":"2025-08-14T08:49:41","modified_gmt":"2025-08-14T11:49:41","slug":"confirmado-alexandre-de-moraes-ganha-novo-cargo-a-partir-de-setembro","status":"publish","type":"post","link":"https:\/\/correiodoestado.audiencelabs.com.br\/confirmado-alexandre-de-moraes-ganha-novo-cargo-a-partir-de-setembro\/","title":{"rendered":"Confirmado: Alexandre de Moraes ganha novo cargo a partir de setembro"},"content":{"rendered":"\n<p>Nesta quarta-feira (13), o ministro Edson Fachin foi eleito para o ocupar o cargo de <a href=\"https:\/\/correiodoestado.com.br\/mix\/ratinho-e-100-sincero-ao-comentar-provavel-candidatura-de-filho-a-presidencia-em-2026\/\" target=\"_blank\" rel=\"noopener\">presidente <\/a>do Supremo Tribunal Federal (STF) pelos pr\u00f3ximos dois anos. Em contrapartida, o ministro Alexandre de Moraes ser\u00e1 o vice-presidente. Embora a elei\u00e7\u00e3o tenha ocorrido no m\u00eas de agosto, a posse est\u00e1 agendada apenas para o dia 29 de setembro.<\/p>\n\n\n\n<p>Em vota\u00e7\u00e3o simb\u00f3lica realizada pelo plen\u00e1rio da Corte, Fachin recebeu 10 votos. Nesse \u00ednterim, seguindo a norma de impossibilidade de votar em si mesmo, Moraes tamb\u00e9m foi surpreendido com a mesma quantidade de votos. Sobretudo, conforme o regimento interno, o tribunal deve ser comandado pelo ministro mais antigo que ainda n\u00e3o presidiu a Corte.\u00a0\u00a0<\/p>\n\n\n\n<p>O per\u00edodo de mais de um m\u00eas para que a cadeira seja ocupada diz respeito ao prazo em que o atual presidente, Lu\u00eds Roberto Barroso, ter\u00e1 seu mandato de dois anos encerrado. Mesmo com a sa\u00edda iminente do cargo, o gestor desejou sorte a Edson Fachin, alegando que a Corte n\u00e3o poderia ter algu\u00e9m melhor a sua frente nos pr\u00f3ximos anos.<\/p>\n\n\n\n<blockquote class=\"wp-block-quote is-layout-flow wp-block-quote-is-layout-flow\">\n<p>\u201cConsidero, pessoalmente e institucionalmente, que \u00e9 uma sorte para o pa\u00eds poder, nesta atual conjuntura, ter uma pessoa com essa qualidade moral e intelectual conduzindo o tribunal. Receba meu abra\u00e7o pessoal e de todos os colegas, desejando que seja muito feliz e aben\u00e7oado nos pr\u00f3ximos dois anos. \u00c9 duro, mas \u00e9 bom&#8221;, afirmou Barroso.<\/p>\n\n\n\n<p>Por sua vez, Alexandre de Moraes parabenizou o novo presidente, ressaltando os votos recebidos. \u201cQueria agradecer a solidariedade e confian\u00e7a de todos os colegas e expressar minha grande honra e alegria de novamente poder ser o vice-presidente do ministro Edson Fachin, com quem j\u00e1 trabalhei no Tribuna Superior Eleitoral&#8221;, disse o ministro.<\/p>\n<\/blockquote>\n\n\n\n<h2 class=\"wp-block-heading\">Mais uma experi\u00eancia para  a bagagem de Alexandre de Moraes <\/h2>\n\n\n\n<p>Em mar\u00e7o de 2018, o ministro tomou posse do Supremo Tribunal Federal, com indica\u00e7\u00e3o do at\u00e9 ent\u00e3o presidente da Rep\u00fablica Michel Temer. Em contrapartida, um ano antes, integrou o Tribunal Superior Eleitoral (TSE), assumindo o posto de ministro substituto. Formando em Direito pela Universidade de S\u00e3o Paulo, det\u00e9m ainda doutorado em Direito do Estado e \u00e9 Professor Titular da Faculdade de Direito da USP.<\/p>\n\n\n\n<p>Ao passo de sua carreira, foi promotor de Justi\u00e7a em S\u00e3o Paulo por 11 anos, onde ingressou em 1991. Posteriormente, em 2002, foi nomeado secret\u00e1rio de Justi\u00e7a do estado, cargo que exerceu por apenas tr\u00eas anos. Nesse \u00ednterim, tornou-se secret\u00e1rio de Seguran\u00e7a P\u00fablica e ministro da Justi\u00e7a do governo Temer. No mais, integrou  a primeira composi\u00e7\u00e3o do Conselho Nacional de Justi\u00e7a (CNJ).<\/p>\n","protected":false},"excerpt":{"rendered":"<p>Personagem marcante do Supremo Tribunal Federal nos \u00faltimos anos, Alexandre de Moraes \u00e9 surpreendido com novo cargo colocado em sua mesa<\/p>\n","protected":false},"author":8,"featured_media":5380,"comment_status":"open","ping_status":"open","sticky":false,"template":"","format":"standard","meta":{"jnews-multi-image_gallery":[],"jnews_single_post":{"format":"standard"},"jnews_primary_category":[],"jnews_social_meta":[],"footnotes":""},"categories":[1],"tags":[],"class_list":["post-5379","post","type-post","status-publish","format-standard","has-post-thumbnail","hentry","category-mix"],"_links":{"self":[{"href":"https:\/\/correiodoestado.audiencelabs.com.br\/wp-json\/wp\/v2\/posts\/5379","targetHints":{"allow":["GET"]}}],"collection":[{"href":"https:\/\/correiodoestado.audiencelabs.com.br\/wp-json\/wp\/v2\/posts"}],"about":[{"href":"https:\/\/correiodoestado.audiencelabs.com.br\/wp-json\/wp\/v2\/types\/post"}],"author":[{"embeddable":true,"href":"https:\/\/correiodoestado.audiencelabs.com.br\/wp-json\/wp\/v2\/users\/8"}],"replies":[{"embeddable":true,"href":"https:\/\/correiodoestado.audiencelabs.com.br\/wp-json\/wp\/v2\/comments?post=5379"}],"version-history":[{"count":1,"href":"https:\/\/correiodoestado.audiencelabs.com.br\/wp-json\/wp\/v2\/posts\/5379\/revisions"}],"predecessor-version":[{"id":5381,"href":"https:\/\/correiodoestado.audiencelabs.com.br\/wp-json\/wp\/v2\/posts\/5379\/revisions\/5381"}],"wp:featuredmedia":[{"embeddable":true,"href":"https:\/\/correiodoestado.audiencelabs.com.br\/wp-json\/wp\/v2\/media\/5380"}],"wp:attachment":[{"href":"https:\/\/correiodoestado.audiencelabs.com.br\/wp-json\/wp\/v2\/media?parent=5379"}],"wp:term":[{"taxonomy":"category","embeddable":true,"href":"https:\/\/correiodoestado.audiencelabs.com.br\/wp-json\/wp\/v2\/categories?post=5379"},{"taxonomy":"post_tag","embeddable":true,"href":"https:\/\/correiodoestado.audiencelabs.com.br\/wp-json\/wp\/v2\/tags?post=5379"}],"curies":[{"name":"wp","href":"https:\/\/api.w.org\/{rel}","templated":true}]}}