{"id":6624,"date":"2025-08-25T09:00:00","date_gmt":"2025-08-25T12:00:00","guid":{"rendered":"https:\/\/correiodoestado.audiencelabs.com.br\/?p=6624"},"modified":"2025-08-25T08:53:05","modified_gmt":"2025-08-25T11:53:05","slug":"conheca-o-lugar-no-brasil-que-e-famoso-por-suas-casas-subterraneas","status":"publish","type":"post","link":"https:\/\/correiodoestado.audiencelabs.com.br\/conheca-o-lugar-no-brasil-que-e-famoso-por-suas-casas-subterraneas\/","title":{"rendered":"Conhe\u00e7a o lugar no Brasil que \u00e9 famoso por suas casas subterr\u00e2neas"},"content":{"rendered":"\n<p>O Brasil \u00e9 conhecido por suas belezas exuberantes e biodiversidade de tirar o f\u00f4lego. Colocando em evid\u00eancia o motivo de atrair tamanho n\u00famero de turistas todos os anos, o munic\u00edpio de S\u00e3o Jos\u00e9 do Cerrito, localizado na<a href=\"https:\/\/correiodoestado.com.br\/mix\/nova-rodovia-chega-para-reduzir-100-km-na-distancia-entre-santa-catarina-e-rio-grande-do-sul\/\" target=\"_blank\" rel=\"noopener\"> Serra Catarinense<\/a>, abriga um dos maiores tesouros arqueol\u00f3gicos do pa\u00eds. Em suma, as casas subterr\u00e2neas foram constru\u00eddas pelos povos ind\u00edgenas h\u00e1 mais de mil anos.<\/p>\n\n\n\n<p>Respons\u00e1veis pela empreitada, o agrupamento dos Kaingang e Xoklen expuseram sua afinidade com a engenharia ao tornarem a cidade a &#8220;Capital Nacional das Casas Subterr\u00e2neas&#8221;. Em um primeiro momento, \u00e9 poss\u00edvel confundir o local como meras depress\u00f5es no solo. Contudo, ao imergi-las, \u00e9 poss\u00edvel entender como viviam os povos ind\u00edgenas daquela \u00e9poca.<\/p>\n\n\n\n<figure class=\"wp-block-image size-full\"><img decoding=\"async\" src=\"https:\/\/correiodoestado.audiencelabs.com.br\/wp-content\/uploads\/2025\/08\/Cerrito-2-1024x722-2.jpg\" alt=\"\" class=\"wp-image-6625\" \/><figcaption class=\"wp-element-caption\">Cr\u00e9ditos:<strong>On\u00e9ris Lopes<\/strong><\/figcaption><\/figure>\n\n\n\n<p>Sobretudo, as casas subterr\u00e2neas contemplam paredes de terra escavadas e cobertas por palha. Serviam como moradia artificial, uma vez que as estruturas s\u00e3o semelhantes \u00e0s aldeias ainda existentes, mas com a peculiaridade de serem escavadas no solo. Dentre as habita\u00e7\u00f5es existentes, a que mais atrai curiosos \u00e9 a da comunidade Rinc\u00e3o dos Albinos.<\/p>\n\n\n\n<h2 class=\"wp-block-heading\">Ainda n\u00e3o \u00e9 poss\u00edvel adentrar nas casas subterr\u00e2neas<\/h2>\n\n\n\n<p>Para se ter uma no\u00e7\u00e3o da import\u00e2ncia local, S\u00e3o Jos\u00e9 do Cerrito est\u00e1 entre os munic\u00edpios com maior n\u00famero de registros arqueol\u00f3gicos do Brasil. Nesse \u00ednterim, a Associa\u00e7\u00e3o dos Munic\u00edpios da Regi\u00e3o Serrana (Amures), colocou em pr\u00e1tica um projeto para a constru\u00e7\u00e3o do primeiro prot\u00f3tipo de uma casa subterr\u00e2nea, que dever\u00e1 servir como espa\u00e7o de visita\u00e7\u00e3o e preserva\u00e7\u00e3o da mem\u00f3ria ind\u00edgena.<\/p>\n\n\n\n<p>\u201cSer\u00e1 o primeiro passo para avan\u00e7armos com o turismo o transformando numa fonte de renda e gera\u00e7\u00e3o de oportunidade \u00e0 nossa popula\u00e7\u00e3o. A parceria com a Amures marcar\u00e1 um novo momento para o turismo e esperamos ampliar a a\u00e7\u00e3o com o governo do Estado\u201d, comentou a prefeita Tainara Raitz.<\/p>\n","protected":false},"excerpt":{"rendered":"<p>Apesar de ainda n\u00e3o receber visitantes, casas subterr\u00e2neas localizadas em Santa Catarina despertam a curiosidade de v\u00e1rios turistas do Brasil  <\/p>\n","protected":false},"author":8,"featured_media":6626,"comment_status":"open","ping_status":"open","sticky":false,"template":"","format":"standard","meta":{"jnews-multi-image_gallery":[],"jnews_single_post":{"format":"standard"},"jnews_primary_category":[],"jnews_social_meta":[],"footnotes":""},"categories":[1],"tags":[],"class_list":["post-6624","post","type-post","status-publish","format-standard","has-post-thumbnail","hentry","category-mix"],"_links":{"self":[{"href":"https:\/\/correiodoestado.audiencelabs.com.br\/wp-json\/wp\/v2\/posts\/6624","targetHints":{"allow":["GET"]}}],"collection":[{"href":"https:\/\/correiodoestado.audiencelabs.com.br\/wp-json\/wp\/v2\/posts"}],"about":[{"href":"https:\/\/correiodoestado.audiencelabs.com.br\/wp-json\/wp\/v2\/types\/post"}],"author":[{"embeddable":true,"href":"https:\/\/correiodoestado.audiencelabs.com.br\/wp-json\/wp\/v2\/users\/8"}],"replies":[{"embeddable":true,"href":"https:\/\/correiodoestado.audiencelabs.com.br\/wp-json\/wp\/v2\/comments?post=6624"}],"version-history":[{"count":1,"href":"https:\/\/correiodoestado.audiencelabs.com.br\/wp-json\/wp\/v2\/posts\/6624\/revisions"}],"predecessor-version":[{"id":6628,"href":"https:\/\/correiodoestado.audiencelabs.com.br\/wp-json\/wp\/v2\/posts\/6624\/revisions\/6628"}],"wp:featuredmedia":[{"embeddable":true,"href":"https:\/\/correiodoestado.audiencelabs.com.br\/wp-json\/wp\/v2\/media\/6626"}],"wp:attachment":[{"href":"https:\/\/correiodoestado.audiencelabs.com.br\/wp-json\/wp\/v2\/media?parent=6624"}],"wp:term":[{"taxonomy":"category","embeddable":true,"href":"https:\/\/correiodoestado.audiencelabs.com.br\/wp-json\/wp\/v2\/categories?post=6624"},{"taxonomy":"post_tag","embeddable":true,"href":"https:\/\/correiodoestado.audiencelabs.com.br\/wp-json\/wp\/v2\/tags?post=6624"}],"curies":[{"name":"wp","href":"https:\/\/api.w.org\/{rel}","templated":true}]}}