{"id":6900,"date":"2025-08-26T12:05:00","date_gmt":"2025-08-26T15:05:00","guid":{"rendered":"https:\/\/correiodoestado.audiencelabs.com.br\/?p=6900"},"modified":"2025-08-26T12:21:43","modified_gmt":"2025-08-26T15:21:43","slug":"confirmado-rodrigo-garro-nao-veste-mais-a-camisa-10-do-corinthians","status":"publish","type":"post","link":"https:\/\/correiodoestado.audiencelabs.com.br\/confirmado-rodrigo-garro-nao-veste-mais-a-camisa-10-do-corinthians\/","title":{"rendered":"Confirmado: Rodrigo Garro n\u00e3o veste mais a camisa 10 do Corinthians\u00a0"},"content":{"rendered":"\n<p>Anunciado como refor\u00e7o do <a href=\"https:\/\/correiodoestado.com.br\/mix\/torcedores-do-corinthians-vao-ficar-aliviados-apos-decisao-da-conmebol\/\" target=\"_blank\" rel=\"noopener\">Corinthians <\/a>no in\u00edcio de 2024, n\u00e3o demorou para que Rodrigo Garro se tornasse um dos jogadores queridinhos da torcida. Com a precis\u00e3o no passe e vis\u00e3o de jogo articulada, o argentino teve seu nome envolvido em grande pol\u00eamica. Outrora detentor da camisa 10 do Tim\u00e3o, o meio-campista foi obrigado a disponibilizar a numera\u00e7\u00e3o para Memphis Depay, motivando uma rusga interna nos bastidores do clube paulista.\u00a0<\/p>\n\n\n\n<p>Antes de fechar parceria com o alvinegro, o holand\u00eas havia solicitado o n\u00famero 10 estampado em suas costas. O problema \u00e9 que a altera\u00e7\u00e3o n\u00e3o p\u00f4de ser feita em meados de 2024, j\u00e1 que as inscri\u00e7\u00f5es dos jogadores haviam sido entregues \u00e0s entidades. Nesse \u00ednterim, a fa\u00e7anha somente foi sacramentada no in\u00edcio da atual temporada, causando estranhamento entre os atletas e at\u00e9 mesmo na torcida.\u00a0<\/p>\n\n\n\n<figure class=\"wp-block-image size-large\"><img decoding=\"async\" src=\"https:\/\/correiodoestado.audiencelabs.com.br\/wp-content\/uploads\/2025\/08\/Garro-e-Depay-e1739210933550-1024x575.webp\" alt=\"\" class=\"wp-image-6901\" \/><figcaption class=\"wp-element-caption\">Cr\u00e9ditos: Rodrigo Coca\/Ag\u00eancia Corinthians<\/figcaption><\/figure>\n\n\n\n<p>Com a troca de camisas determinada pela diretoria, Rodrigo Garro se mostrou insatisfeito, mas aceitou a imposi\u00e7\u00e3o. Como forma de enaltecer a import\u00e2ncia do meia para a institui\u00e7\u00e3o, foi entregue o n\u00famero 8, que outrora pertenceu a S\u00f3crates, Bas\u00edlio, Paulinho e Renato Augusto. Por\u00e9m, o maestro fez quest\u00e3o de destacar que, mesmo tendo discordado do \u201cestrelismo\u201d de Memphis, entendeu ser a melhor forma de respeitar o atual campe\u00e3o do Paulist\u00e3o.\u00a0<\/p>\n\n\n\n<p>&#8220;Se o clube v\u00ea algum tipo de benef\u00edcio e achou que era o ideal neste momento, a mim, me cabe respeitar. Como j\u00e1 repeti aqui, n\u00e3o foi uma situa\u00e7\u00e3o que me agradou, porque estaria mentindo e eu n\u00e3o gosto de mentir. Mas estou acima de tudo isso, a vida me ensinou que o mais importante sempre est\u00e1 por vir, e acho que n\u00e3o quero me prender a essa quest\u00e3o, e sim ao que aconteceu hoje, ao n\u00famero que recebi, que \u00e9 um n\u00famero emblem\u00e1tico no clube, pelo qual tenho um respeito incr\u00edvel, porque todo mundo sabe a hist\u00f3ria que esse n\u00famero tem aqui dentro&#8221;, disse o argentino.\u00a0<\/p>\n\n\n\n<p>Diante da situa\u00e7\u00e3o, Depay deixou a vestimenta de n\u00famero 94 de lado, assumindo o papel de protagonista da equipe comandada por Dorival J\u00fanior. Para alguns torcedores supersticiosos, a modifica\u00e7\u00e3o pode ter custado a temporada do Corinthians, uma vez que foi eliminado nas qualificat\u00f3rias da Libertadores da Am\u00e9rica e da Copa Sul-Americana. Por\u00e9m, resta ainda brigar pelo t\u00edtulo da Copa do Brasil.\u00a0<\/p>\n\n\n\n<h2 class=\"wp-block-heading\">Corinthians anuncia novo comandante\u00a0<\/h2>\n\n\n\n<p>Na noite desta segunda-feira (25), o Conselho Deliberativo do Corinthians votou em favor da realoca\u00e7\u00e3o do presidente interino, Osmar Stabile, para assumir o cargo de presidente da institui\u00e7\u00e3o definitivamente at\u00e9 o final de 2026. A t\u00edtulo de compreens\u00e3o, o posto estava sendo ocupado desde maio, quando Augusto Melo foi afastado em meio a processo de impeachment. Agora, o dirigente comemora a elei\u00e7\u00e3o por 199 dos 264 votos. \u00a0<\/p>\n\n\n\n<p>&#8220;N\u00f3s estamos conseguindo planejar alguma coisa para o futuro, a partir de setembro, outubro. J\u00e1 temos identificado processo para melhorar. Grau de dificuldade enorme neste ano todo. Estamos dando aten\u00e7\u00e3o especial para o futebol. Queremos colocar muita coisa em ordem no futebol. Vamos crescendo e organizando todos os departamentos, principalmente o financeiro&#8221;, disse o novo presidente do Tim\u00e3o.<\/p>\n","protected":false},"excerpt":{"rendered":"<p>Outrora protagonista do Corinthians dentro das quatro linhas, Rodrigo Garro foi envolvido em pol\u00eamica sobre numera\u00e7\u00e3o das camisas<\/p>\n","protected":false},"author":8,"featured_media":6902,"comment_status":"open","ping_status":"open","sticky":false,"template":"","format":"standard","meta":{"jnews-multi-image_gallery":[],"jnews_single_post":{"format":"standard"},"jnews_primary_category":[],"jnews_social_meta":[],"footnotes":""},"categories":[1],"tags":[],"class_list":["post-6900","post","type-post","status-publish","format-standard","has-post-thumbnail","hentry","category-mix"],"_links":{"self":[{"href":"https:\/\/correiodoestado.audiencelabs.com.br\/wp-json\/wp\/v2\/posts\/6900","targetHints":{"allow":["GET"]}}],"collection":[{"href":"https:\/\/correiodoestado.audiencelabs.com.br\/wp-json\/wp\/v2\/posts"}],"about":[{"href":"https:\/\/correiodoestado.audiencelabs.com.br\/wp-json\/wp\/v2\/types\/post"}],"author":[{"embeddable":true,"href":"https:\/\/correiodoestado.audiencelabs.com.br\/wp-json\/wp\/v2\/users\/8"}],"replies":[{"embeddable":true,"href":"https:\/\/correiodoestado.audiencelabs.com.br\/wp-json\/wp\/v2\/comments?post=6900"}],"version-history":[{"count":2,"href":"https:\/\/correiodoestado.audiencelabs.com.br\/wp-json\/wp\/v2\/posts\/6900\/revisions"}],"predecessor-version":[{"id":7080,"href":"https:\/\/correiodoestado.audiencelabs.com.br\/wp-json\/wp\/v2\/posts\/6900\/revisions\/7080"}],"wp:featuredmedia":[{"embeddable":true,"href":"https:\/\/correiodoestado.audiencelabs.com.br\/wp-json\/wp\/v2\/media\/6902"}],"wp:attachment":[{"href":"https:\/\/correiodoestado.audiencelabs.com.br\/wp-json\/wp\/v2\/media?parent=6900"}],"wp:term":[{"taxonomy":"category","embeddable":true,"href":"https:\/\/correiodoestado.audiencelabs.com.br\/wp-json\/wp\/v2\/categories?post=6900"},{"taxonomy":"post_tag","embeddable":true,"href":"https:\/\/correiodoestado.audiencelabs.com.br\/wp-json\/wp\/v2\/tags?post=6900"}],"curies":[{"name":"wp","href":"https:\/\/api.w.org\/{rel}","templated":true}]}}