{"id":6914,"date":"2025-08-26T13:47:41","date_gmt":"2025-08-26T16:47:41","guid":{"rendered":"https:\/\/correiodoestado.audiencelabs.com.br\/?p=6914"},"modified":"2025-08-26T13:47:44","modified_gmt":"2025-08-26T16:47:44","slug":"cientistas-anunciaram-descoberta-do-maior-reservatorio-de-agua-do-mundo-que-deixa-o-aquifero-guarani-passando-vergonha","status":"publish","type":"post","link":"https:\/\/correiodoestado.audiencelabs.com.br\/cientistas-anunciaram-descoberta-do-maior-reservatorio-de-agua-do-mundo-que-deixa-o-aquifero-guarani-passando-vergonha\/","title":{"rendered":"Cientistas anunciaram descoberta do maior reservat\u00f3rio de \u00e1gua do mundo que deixa o Aqu\u00edfero Guarani passando vergonha\u00a0"},"content":{"rendered":"\n<p>Al\u00e9m de sua impon\u00eancia para a biodiversidade, o Aqu\u00edfero Guarani \u00e9 respons\u00e1vel pelo abastecimento de \u00e1gua pot\u00e1vel de diversos pa\u00edses da Am\u00e9rica do Sul. Isso ocorre devido ao seu volume estimado em cerca de 45 mil km\u00b3. Por\u00e9m, sua extens\u00e3o deixou de ser t\u00e3o abrangente, ao passo que astr\u00f4nomos identificaram o maior reservat\u00f3rio de \u00e1gua j\u00e1 detectado no universo. O problema \u00e9 que ele est\u00e1 localizado em torno do quasar APM 08279+5255, a cerca de 12 bilh\u00f5es de anos-luz da Terra. \u00a0<\/p>\n\n\n\n<p>Para se ter uma no\u00e7\u00e3o da dimens\u00e3o descoberta, a quantidade de \u00e1gua presente nessa regi\u00e3o supera em 140 trilh\u00f5es de vezes o volume de todos os oceanos do planeta. A empreitada somente foi documentada com o aux\u00edlio das observa\u00e7\u00f5es do Telesc\u00f3pio Espacial Spitzer e do Observat\u00f3rio Submilim\u00e9trico da Caltech.\u00a0<\/p>\n\n\n\n<figure class=\"wp-block-image size-large is-resized\"><img decoding=\"async\" src=\"https:\/\/correiodoestado.audiencelabs.com.br\/wp-content\/uploads\/2025\/08\/seca_do_rio_sao_francisco_1012150258-1024x613.webp\" alt=\"\" class=\"wp-image-6918\" style=\"width:691px;height:auto\" \/><figcaption class=\"wp-element-caption\">Cr\u00e9ditos: Marcello Casal jr\/Ag\u00eancia Brasil<\/figcaption><\/figure>\n\n\n\n<p>O estudo foi comemorado pelos cientistas, mas n\u00e3o apresenta benef\u00edcios \u00e0 sociedade em um primeiro momento. A t\u00edtulo de compreens\u00e3o, n\u00e3o se trata de um oceano no sentido cl\u00e1ssico. Isso porque o volume e a concentra\u00e7\u00e3o de \u00e1gua observados indicam que mol\u00e9culas essenciais \u00e0 vida podem estar presentes em regi\u00f5es extremas do universo desde seus primeiros bilh\u00f5es de anos.\u00a0<\/p>\n\n\n\n<h2 class=\"wp-block-heading\">Import\u00e2ncia do Aqu\u00edfero Guarani para o mundo:<\/h2>\n\n\n\n<p>O\u00a0Aqu\u00edfero Guarani\u00a0nada mais \u00e9 que uma reserva subterr\u00e2nea de \u00e1gua doce localizada em pa\u00edses da Am\u00e9rica do Sul, abra\u00e7ando \u00e1reas do <a href=\"https:\/\/correiodoestado.com.br\/mix\/uma-das-cidades-mais-antigas-do-brasil-preserva-espetaculo-unico-no-mundo\/\" target=\"_blank\" rel=\"noopener\">Brasil<\/a>, Argentina, Paraguai e Uruguai. Al\u00e9m de contribuir com a biodiversidade mundial, tem como caracter\u00edstica a presen\u00e7a de grande disponibilidade h\u00eddrica mediante a entrada de \u00e1gua no solo. Ele \u00e9 importante tamb\u00e9m na redu\u00e7\u00e3o de impactos da a\u00e7\u00e3o humana, como polui\u00e7\u00e3o.\u00a0<\/p>\n\n\n\n<p>Puxando para a valoriza\u00e7\u00e3o hist\u00f3rica, seu nome \u00e9 derivado dos \u00edndios guaranis, que habitavam grande parte da regi\u00e3o onde est\u00e1 o aqu\u00edfero. A sua riqueza em termos de \u00e1gua doce propicia o abastecimento humano\u00a0e dinamiza as atividades produtivas. Em suma, \u00e9 fundamental para a continuidade do crescimento econ\u00f4mico.\u00a0<\/p>\n","protected":false},"excerpt":{"rendered":"<p>Apesar de seu grande volume de \u00e1guas doce, Aqu\u00edfero Guarani \u00e9 colocado em segundo plano ap\u00f3s cientistas descobrirem maior &#8220;oceano&#8221; do universo<\/p>\n","protected":false},"author":8,"featured_media":6919,"comment_status":"open","ping_status":"open","sticky":false,"template":"","format":"standard","meta":{"jnews-multi-image_gallery":[],"jnews_single_post":{"format":"standard"},"jnews_primary_category":[],"jnews_social_meta":[],"footnotes":""},"categories":[1],"tags":[],"class_list":["post-6914","post","type-post","status-publish","format-standard","has-post-thumbnail","hentry","category-mix"],"_links":{"self":[{"href":"https:\/\/correiodoestado.audiencelabs.com.br\/wp-json\/wp\/v2\/posts\/6914","targetHints":{"allow":["GET"]}}],"collection":[{"href":"https:\/\/correiodoestado.audiencelabs.com.br\/wp-json\/wp\/v2\/posts"}],"about":[{"href":"https:\/\/correiodoestado.audiencelabs.com.br\/wp-json\/wp\/v2\/types\/post"}],"author":[{"embeddable":true,"href":"https:\/\/correiodoestado.audiencelabs.com.br\/wp-json\/wp\/v2\/users\/8"}],"replies":[{"embeddable":true,"href":"https:\/\/correiodoestado.audiencelabs.com.br\/wp-json\/wp\/v2\/comments?post=6914"}],"version-history":[{"count":3,"href":"https:\/\/correiodoestado.audiencelabs.com.br\/wp-json\/wp\/v2\/posts\/6914\/revisions"}],"predecessor-version":[{"id":7083,"href":"https:\/\/correiodoestado.audiencelabs.com.br\/wp-json\/wp\/v2\/posts\/6914\/revisions\/7083"}],"wp:featuredmedia":[{"embeddable":true,"href":"https:\/\/correiodoestado.audiencelabs.com.br\/wp-json\/wp\/v2\/media\/6919"}],"wp:attachment":[{"href":"https:\/\/correiodoestado.audiencelabs.com.br\/wp-json\/wp\/v2\/media?parent=6914"}],"wp:term":[{"taxonomy":"category","embeddable":true,"href":"https:\/\/correiodoestado.audiencelabs.com.br\/wp-json\/wp\/v2\/categories?post=6914"},{"taxonomy":"post_tag","embeddable":true,"href":"https:\/\/correiodoestado.audiencelabs.com.br\/wp-json\/wp\/v2\/tags?post=6914"}],"curies":[{"name":"wp","href":"https:\/\/api.w.org\/{rel}","templated":true}]}}