{"id":6995,"date":"2025-08-27T05:50:00","date_gmt":"2025-08-27T08:50:00","guid":{"rendered":"https:\/\/correiodoestado.audiencelabs.com.br\/?p=6995"},"modified":"2025-08-26T15:06:37","modified_gmt":"2025-08-26T18:06:37","slug":"famosos-que-fazem-aniversario-nesta-quarta-feira-27","status":"publish","type":"post","link":"https:\/\/correiodoestado.audiencelabs.com.br\/famosos-que-fazem-aniversario-nesta-quarta-feira-27\/","title":{"rendered":"Famosos que fazem anivers\u00e1rio nesta quarta-feira (27)"},"content":{"rendered":"\n<p>O dia 27 de agosto \u00e9 marcado por anivers\u00e1rios de personalidades que se destacam na m\u00fasica, na televis\u00e3o, no esporte e nas redes sociais. Nesta data, celebramos trajet\u00f3rias que conquistaram f\u00e3s em diferentes gera\u00e7\u00f5es, evidenciando a diversidade e o impacto do entretenimento brasileiro e internacional.<\/p>\n\n\n\n<figure class=\"wp-block-image size-full\"><img loading=\"lazy\" decoding=\"async\" width=\"640\" height=\"427\" src=\"https:\/\/correiodoestado.audiencelabs.com.br\/wp-content\/uploads\/2025\/08\/jakub-zerdzicki-8AHRUprVOk4-unsplash.jpg\" alt=\"\" class=\"wp-image-6998\" srcset=\"https:\/\/correiodoestado.audiencelabs.com.br\/wp-content\/uploads\/2025\/08\/jakub-zerdzicki-8AHRUprVOk4-unsplash.jpg 640w, https:\/\/correiodoestado.audiencelabs.com.br\/wp-content\/uploads\/2025\/08\/jakub-zerdzicki-8AHRUprVOk4-unsplash-300x200.jpg 300w\" sizes=\"auto, (max-width: 640px) 100vw, 640px\" \/><figcaption class=\"wp-element-caption\">Cr\u00e9ditos: Foto de Jakub \u017berdzicki na Unsplash<\/figcaption><\/figure>\n\n\n\n<h2 class=\"wp-block-heading\">Aniversariantes do Dia<\/h2>\n\n\n\n<p>Nesta quarta-feira, 27 de agosto de 2025, diversos nomes conhecidos do p\u00fablico brasileiro comemoram mais um ano de vida. Entre m\u00fasicos, atores, apresentadores e influenciadores, o dia \u00e9 uma celebra\u00e7\u00e3o de quem conquistou fama e reconhecimento em suas respectivas \u00e1reas.<\/p>\n\n\n\n<h3 class=\"wp-block-heading\">M\u00fasica<\/h3>\n\n\n\n<p>Sandra de S\u00e1, uma das grandes vozes da m\u00fasica brasileira, completa 70 anos. Conhecida por sucessos como &#8220;Olhos Coloridos&#8221;, a cantora e compositora \u00e9 uma refer\u00eancia na m\u00fasica popular. Cl\u00e1udia Villela, que faz 64 anos, tamb\u00e9m \u00e9 uma figura importante, trazendo influ\u00eancias do jazz e da m\u00fasica popular brasileira em sua carreira.<\/p>\n\n\n\n<h3 class=\"wp-block-heading\">Televis\u00e3o e Cinema<\/h3>\n\n\n\n<p>Carlos Lombardi, autor de telenovelas e roteirista, celebra 66 anos, sendo um dos nomes mais reconhecidos da televis\u00e3o brasileira. Oscar Filho, humorista e apresentador, completa 47 anos e \u00e9 conhecido por seu trabalho no stand-up e em programas de TV. No cen\u00e1rio internacional, Alexa PenaVega, atriz famosa pela franquia &#8220;Spy Kids&#8221;, faz 37 anos, enquanto a canadense Sarah Chalke, conhecida por &#8220;Scrubs&#8221; e &#8220;How I Met Your Mother&#8221;, celebra 49 anos.<\/p>\n\n\n\n<h3 class=\"wp-block-heading\">Esporte e Redes Sociais<\/h3>\n\n\n\n<p>No mundo do esporte, Lucas Paquet\u00e1, jogador de futebol brasileiro atualmente no West Ham United, completa 28 anos. Rodrigo Baldasso, ex-jogador de futebol, faz 45 anos, lembrando sua carreira em clubes nacionais. No universo digital, Diogo Defante, criador de conte\u00fado e humorista, celebra 35 anos, e Ycro, influenciador digital, completa 27 anos.<\/p>\n\n\n\n<h2 class=\"wp-block-heading\">Conclus\u00e3o<\/h2>\n\n\n\n<p>Com aniversariantes que atravessam gera\u00e7\u00f5es e \u00e1reas de atua\u00e7\u00e3o, o 27 de agosto destaca personalidades que marcaram a m\u00fasica, o entretenimento, o esporte e as redes sociais. Essas figuras continuam a influenciar o p\u00fablico, mostrando como o talento brasileiro e internacional permanece relevante e inspirador.<\/p>\n","protected":false},"excerpt":{"rendered":"<p>O dia 27 de agosto \u00e9 marcado por anivers\u00e1rios de personalidades que se destacam na m\u00fasica, na televis\u00e3o, no esporte e nas redes sociais. Nesta data, celebramos trajet\u00f3rias que conquistaram f\u00e3s em diferentes gera\u00e7\u00f5es, evidenciando a diversidade e o impacto do entretenimento brasileiro e internacional. Aniversariantes do Dia Nesta quarta-feira, 27 de agosto de 2025, [&hellip;]<\/p>\n","protected":false},"author":4,"featured_media":6997,"comment_status":"open","ping_status":"open","sticky":false,"template":"","format":"standard","meta":{"jnews-multi-image_gallery":[],"jnews_single_post":{"format":"standard"},"jnews_primary_category":[],"jnews_social_meta":[],"footnotes":""},"categories":[1],"tags":[],"class_list":["post-6995","post","type-post","status-publish","format-standard","has-post-thumbnail","hentry","category-mix"],"_links":{"self":[{"href":"https:\/\/correiodoestado.audiencelabs.com.br\/wp-json\/wp\/v2\/posts\/6995","targetHints":{"allow":["GET"]}}],"collection":[{"href":"https:\/\/correiodoestado.audiencelabs.com.br\/wp-json\/wp\/v2\/posts"}],"about":[{"href":"https:\/\/correiodoestado.audiencelabs.com.br\/wp-json\/wp\/v2\/types\/post"}],"author":[{"embeddable":true,"href":"https:\/\/correiodoestado.audiencelabs.com.br\/wp-json\/wp\/v2\/users\/4"}],"replies":[{"embeddable":true,"href":"https:\/\/correiodoestado.audiencelabs.com.br\/wp-json\/wp\/v2\/comments?post=6995"}],"version-history":[{"count":2,"href":"https:\/\/correiodoestado.audiencelabs.com.br\/wp-json\/wp\/v2\/posts\/6995\/revisions"}],"predecessor-version":[{"id":7261,"href":"https:\/\/correiodoestado.audiencelabs.com.br\/wp-json\/wp\/v2\/posts\/6995\/revisions\/7261"}],"wp:featuredmedia":[{"embeddable":true,"href":"https:\/\/correiodoestado.audiencelabs.com.br\/wp-json\/wp\/v2\/media\/6997"}],"wp:attachment":[{"href":"https:\/\/correiodoestado.audiencelabs.com.br\/wp-json\/wp\/v2\/media?parent=6995"}],"wp:term":[{"taxonomy":"category","embeddable":true,"href":"https:\/\/correiodoestado.audiencelabs.com.br\/wp-json\/wp\/v2\/categories?post=6995"},{"taxonomy":"post_tag","embeddable":true,"href":"https:\/\/correiodoestado.audiencelabs.com.br\/wp-json\/wp\/v2\/tags?post=6995"}],"curies":[{"name":"wp","href":"https:\/\/api.w.org\/{rel}","templated":true}]}}