{"id":8200,"date":"2025-09-02T18:28:00","date_gmt":"2025-09-02T21:28:00","guid":{"rendered":"https:\/\/correiodoestado.audiencelabs.com.br\/?p=8200"},"modified":"2025-09-02T12:08:38","modified_gmt":"2025-09-02T15:08:38","slug":"enquanto-gugu-deixou-r-14-bilhao-de-heranca-essa-e-a-fortuna-que-faustao-possui","status":"publish","type":"post","link":"https:\/\/correiodoestado.audiencelabs.com.br\/enquanto-gugu-deixou-r-14-bilhao-de-heranca-essa-e-a-fortuna-que-faustao-possui\/","title":{"rendered":"Enquanto Gugu deixou R$ 1,4 bilh\u00e3o de heran\u00e7a, essa \u00e9 a fortuna que Faust\u00e3o possui"},"content":{"rendered":"\n<p>Considerado um dos maiores apresentadores da televis\u00e3o aberta do Brasil, Ant\u00f4nio Augusto Moraes Liberato, mais conhecido como Gugu, deixou fortuna avaliada em R$ 1,4 bilh\u00f5es para seus herdeiros. No entanto, as cifras sequer se aproximam do montante reunido por <a href=\"https:\/\/correiodoestado.com.br\/mix\/membro-da-familia-de-faustao-doou-dois-orgaos-ao-apresentador\/\" target=\"_blank\" rel=\"noopener\">Fausto Silva<\/a>. De acordo com informa\u00e7\u00f5es de amigos pr\u00f3ximos, o ex-Globo re\u00fane fortaleza de R$ 10 bilh\u00f5es em m\u00e3os.<\/p>\n\n\n\n<p>Com longo hist\u00f3rico \u00e0 frente de programas de audit\u00f3rio, o renomado comunicador chegou a ter sua fortuna avaliada em R$ 1,1 bilh\u00e3o pelo jornalista Ricardo Feltrin. Por\u00e9m, a informa\u00e7\u00e3o foi descredibilizada por Geraldo Lu\u00eds, amigo pr\u00f3ximo de Faust\u00e3o. \u201cTranquilidade s\u00f3 tem o Faust\u00e3o com 10 bilh\u00f5es. O Faust\u00e3o com 10 bilh\u00f5es na conta e foi trabalhar. N\u00e3o sossegou! Ele tem 70 anos e 10 bilh\u00f5es na conta\u201d, brincou ele.<\/p>\n\n\n\n<figure class=\"wp-block-image size-large\"><img decoding=\"async\" src=\"https:\/\/correiodoestado.audiencelabs.com.br\/wp-content\/uploads\/2025\/09\/famosos-demonstram-apoio-a-faustao-apos-cirurgia-1-1024x576.webp\" alt=\"\" class=\"wp-image-8201\" \/><figcaption class=\"wp-element-caption\">Cr\u00e9ditos: Reprodu\u00e7\u00e3o\/Faust\u00e3o na Band\/Instagram<\/figcaption><\/figure>\n\n\n\n<p>Internado desde o dia 21 de maio, Faust\u00e3o segue sendo monitorado ap\u00f3s realizar dois novos transplantes de \u00f3rg\u00e3os. Debilitado, o apresentador n\u00e3o tem data para deixar o Einstein Hospital Israelita, gerando debates sobre seu futuro no mundo televisivo. Confiantes na recupera\u00e7\u00e3o do patriarca, os herdeiros torcem para dias melhores em breve.<\/p>\n\n\n\n<p>&#8220;A recupera\u00e7\u00e3o [em casa] vai [ser] muito melhor, t\u00e1 num ambiente de conforto, muda tudo.\u00a0Os cuidados agora s\u00e3o para o resto da vida.\u00a0Inclusive, foi uma li\u00e7\u00e3o pra mim, pros meus irm\u00e3os, pra quem pode acompanhar o quanto a gente tem que cuidar da nossa sa\u00fade e mais do que nunca ele que passou por tudo isso tem que t\u00e1 de olho sempre, mas \u00e9 isso, \u00e9 voc\u00ea t\u00e1 se cuidando pra viver com muita alegria&#8221;, disse o filho Jo\u00e3o Silva.<\/p>\n\n\n\n<h2 class=\"wp-block-heading\">O que aconteceu com Faust\u00e3o?<\/h2>\n\n\n\n<p>Em 27 de agosto de 2023, Fausto Silva foi submetido a um transplante de cora\u00e7\u00e3o. O problema \u00e9 que algumas complica\u00e7\u00f5es apareceram ao longo do percurso, culminando em outros obst\u00e1culos. No dia 26 de fevereiro de 2024, o apresentador realizou transplante de rim. Contudo, em maio deste ano, precisou ser internado novamente, devido a uma infec\u00e7\u00e3o bacteriana aguda com sepse.<\/p>\n\n\n\n<p>Nesse intervalo, novamente foi colocado na mesa de cirurgia. No dia 6 de agosto, o transplante foi de f\u00edgado e, no dia posterior, um novo rim acabou sendo implantado no renomado jornalista. De acordo com apura\u00e7\u00f5es da colunista Keila Jimenez, o nome do doador foi mantido em sigilo, mas trata-se de uma pessoa pr\u00f3xima a Faust\u00e3o.<\/p>\n","protected":false},"excerpt":{"rendered":"<p>Considerado uma dos nomes mais imponentes da televis\u00e3o brasileira, Faust\u00e3o tem patrim\u00f4nio revelado e coloca nomes de peso no bolso <\/p>\n","protected":false},"author":8,"featured_media":0,"comment_status":"open","ping_status":"open","sticky":false,"template":"","format":"standard","meta":{"jnews-multi-image_gallery":[],"jnews_single_post":{"format":"standard"},"jnews_primary_category":[],"jnews_social_meta":[],"footnotes":""},"categories":[1],"tags":[],"class_list":["post-8200","post","type-post","status-publish","format-standard","hentry","category-mix"],"_links":{"self":[{"href":"https:\/\/correiodoestado.audiencelabs.com.br\/wp-json\/wp\/v2\/posts\/8200","targetHints":{"allow":["GET"]}}],"collection":[{"href":"https:\/\/correiodoestado.audiencelabs.com.br\/wp-json\/wp\/v2\/posts"}],"about":[{"href":"https:\/\/correiodoestado.audiencelabs.com.br\/wp-json\/wp\/v2\/types\/post"}],"author":[{"embeddable":true,"href":"https:\/\/correiodoestado.audiencelabs.com.br\/wp-json\/wp\/v2\/users\/8"}],"replies":[{"embeddable":true,"href":"https:\/\/correiodoestado.audiencelabs.com.br\/wp-json\/wp\/v2\/comments?post=8200"}],"version-history":[{"count":1,"href":"https:\/\/correiodoestado.audiencelabs.com.br\/wp-json\/wp\/v2\/posts\/8200\/revisions"}],"predecessor-version":[{"id":8207,"href":"https:\/\/correiodoestado.audiencelabs.com.br\/wp-json\/wp\/v2\/posts\/8200\/revisions\/8207"}],"wp:attachment":[{"href":"https:\/\/correiodoestado.audiencelabs.com.br\/wp-json\/wp\/v2\/media?parent=8200"}],"wp:term":[{"taxonomy":"category","embeddable":true,"href":"https:\/\/correiodoestado.audiencelabs.com.br\/wp-json\/wp\/v2\/categories?post=8200"},{"taxonomy":"post_tag","embeddable":true,"href":"https:\/\/correiodoestado.audiencelabs.com.br\/wp-json\/wp\/v2\/tags?post=8200"}],"curies":[{"name":"wp","href":"https:\/\/api.w.org\/{rel}","templated":true}]}}