{"id":8428,"date":"2025-09-03T23:00:00","date_gmt":"2025-09-04T02:00:00","guid":{"rendered":"https:\/\/correiodoestado.audiencelabs.com.br\/?p=8428"},"modified":"2025-09-03T15:51:35","modified_gmt":"2025-09-03T18:51:35","slug":"5-sinais-de-autismo-em-pessoas-com-mais-de-18-anos","status":"publish","type":"post","link":"https:\/\/correiodoestado.audiencelabs.com.br\/5-sinais-de-autismo-em-pessoas-com-mais-de-18-anos\/","title":{"rendered":"5 sinais de autismo em pessoas com mais de 18 anos"},"content":{"rendered":"\n<p>O autismo \u00e9 um transtorno do neurodesenvolvimento que pode passar despercebido por muitos adultos. Embora os sintomas geralmente se manifestem na inf\u00e2ncia, algumas pessoas s\u00f3 reconhecem que est\u00e3o no espectro autista ao longo da vida adulta.&nbsp;<\/p>\n\n\n\n<p>Isso pode ocorrer devido \u00e0 sutileza dos sinais, que muitas vezes s\u00e3o confundidos com tra\u00e7os de personalidade ou disfar\u00e7ados por estrat\u00e9gias de adapta\u00e7\u00e3o. \u00c0 medida que as demandas sociais e profissionais aumentam ap\u00f3s os 18 anos, certos comportamentos podem se tornar mais evidentes.&nbsp;<\/p>\n\n\n\n<figure class=\"wp-block-gallery has-nested-images columns-default is-cropped wp-block-gallery-1 is-layout-flex wp-block-gallery-is-layout-flex\">\n<figure class=\"wp-block-image size-large\"><img loading=\"lazy\" decoding=\"async\" width=\"900\" height=\"600\" data-id=\"8430\" src=\"https:\/\/correiodoestado.audiencelabs.com.br\/wp-content\/uploads\/2025\/09\/photo-1687360441221-ff5143d5cd5c.jpg\" alt=\"\" class=\"wp-image-8430\" srcset=\"https:\/\/correiodoestado.audiencelabs.com.br\/wp-content\/uploads\/2025\/09\/photo-1687360441221-ff5143d5cd5c.jpg 900w, https:\/\/correiodoestado.audiencelabs.com.br\/wp-content\/uploads\/2025\/09\/photo-1687360441221-ff5143d5cd5c-300x200.jpg 300w, https:\/\/correiodoestado.audiencelabs.com.br\/wp-content\/uploads\/2025\/09\/photo-1687360441221-ff5143d5cd5c-768x512.jpg 768w, https:\/\/correiodoestado.audiencelabs.com.br\/wp-content\/uploads\/2025\/09\/photo-1687360441221-ff5143d5cd5c-750x500.jpg 750w\" sizes=\"auto, (max-width: 900px) 100vw, 900px\" \/><figcaption class=\"wp-element-caption\">Cr\u00e9ditos: Unsplash<\/figcaption><\/figure>\n<\/figure>\n\n\n\n<h2 class=\"wp-block-heading\">Dificuldades sociais persistentes<\/h2>\n\n\n\n<p>Adultos no espectro do autismo frequentemente enfrentam desafios nas intera\u00e7\u00f5es sociais. A dificuldade em manter conversas espont\u00e2neas, interpretar ironias ou compreender express\u00f5es faciais pode ser um obst\u00e1culo significativo.&nbsp;<\/p>\n\n\n\n<h2 class=\"wp-block-heading\">Interesses intensos e restritos<\/h2>\n\n\n\n<p>Outro sinal caracter\u00edstico \u00e9 a presen\u00e7a de interesses intensos e restritos. Muitos adultos autistas dedicam uma quantidade significativa de tempo e energia a um ou mais t\u00f3picos espec\u00edficos, que podem variar de hobbies a \u00e1reas de estudo.&nbsp;<\/p>\n\n\n\n<h2 class=\"wp-block-heading\">Sensibilidade sensorial<\/h2>\n\n\n\n<p>A sensibilidade sensorial \u00e9 um aspecto frequentemente observado em adultos autistas. Eles podem ser particularmente afetados por sons altos, cheiros fortes, luzes intensas ou texturas de roupas.&nbsp;<\/p>\n\n\n\n<h2 class=\"wp-block-heading\">Rigidez com rotinas<\/h2>\n\n\n\n<p>A rigidez em rela\u00e7\u00e3o \u00e0s rotinas \u00e9 um tra\u00e7o comum entre adultos no espectro autista. Mudan\u00e7as inesperadas na rotina di\u00e1ria podem causar grande ansiedade e estresse. Muitas vezes, esses indiv\u00edduos preferem seguir h\u00e1bitos bem estruturados e previs\u00edveis, o que pode ser uma forma de lidar com a incerteza do dia a dia.<\/p>\n\n\n\n<h2 class=\"wp-block-heading\">Dificuldade em lidar com emo\u00e7\u00f5es<\/h2>\n\n\n\n<p>Por fim, a dificuldade em entender e expressar emo\u00e7\u00f5es \u00e9 um sinal relevante. Adultos autistas podem ter problemas para interpretar os sentimentos dos outros, assim como para comunicar os pr\u00f3prios. Essa dificuldade pode resultar em mal-entendidos em relacionamentos pessoais e profissionais, dificultando a constru\u00e7\u00e3o de conex\u00f5es emocionais.&nbsp;<\/p>\n","protected":false},"excerpt":{"rendered":"<p>O autismo \u00e9 um transtorno do neurodesenvolvimento que pode passar despercebido por muitos adultos. Embora os sintomas geralmente se manifestem na inf\u00e2ncia, algumas pessoas s\u00f3 reconhecem que est\u00e3o no espectro autista ao longo da vida adulta.&nbsp; Isso pode ocorrer devido \u00e0 sutileza dos sinais, que muitas vezes s\u00e3o confundidos com tra\u00e7os de personalidade ou disfar\u00e7ados [&hellip;]<\/p>\n","protected":false},"author":12,"featured_media":8429,"comment_status":"open","ping_status":"open","sticky":false,"template":"","format":"standard","meta":{"jnews-multi-image_gallery":[],"jnews_single_post":{"format":"standard"},"jnews_primary_category":[],"jnews_social_meta":[],"footnotes":""},"categories":[1],"tags":[],"class_list":["post-8428","post","type-post","status-publish","format-standard","has-post-thumbnail","hentry","category-mix"],"_links":{"self":[{"href":"https:\/\/correiodoestado.audiencelabs.com.br\/wp-json\/wp\/v2\/posts\/8428","targetHints":{"allow":["GET"]}}],"collection":[{"href":"https:\/\/correiodoestado.audiencelabs.com.br\/wp-json\/wp\/v2\/posts"}],"about":[{"href":"https:\/\/correiodoestado.audiencelabs.com.br\/wp-json\/wp\/v2\/types\/post"}],"author":[{"embeddable":true,"href":"https:\/\/correiodoestado.audiencelabs.com.br\/wp-json\/wp\/v2\/users\/12"}],"replies":[{"embeddable":true,"href":"https:\/\/correiodoestado.audiencelabs.com.br\/wp-json\/wp\/v2\/comments?post=8428"}],"version-history":[{"count":1,"href":"https:\/\/correiodoestado.audiencelabs.com.br\/wp-json\/wp\/v2\/posts\/8428\/revisions"}],"predecessor-version":[{"id":8432,"href":"https:\/\/correiodoestado.audiencelabs.com.br\/wp-json\/wp\/v2\/posts\/8428\/revisions\/8432"}],"wp:featuredmedia":[{"embeddable":true,"href":"https:\/\/correiodoestado.audiencelabs.com.br\/wp-json\/wp\/v2\/media\/8429"}],"wp:attachment":[{"href":"https:\/\/correiodoestado.audiencelabs.com.br\/wp-json\/wp\/v2\/media?parent=8428"}],"wp:term":[{"taxonomy":"category","embeddable":true,"href":"https:\/\/correiodoestado.audiencelabs.com.br\/wp-json\/wp\/v2\/categories?post=8428"},{"taxonomy":"post_tag","embeddable":true,"href":"https:\/\/correiodoestado.audiencelabs.com.br\/wp-json\/wp\/v2\/tags?post=8428"}],"curies":[{"name":"wp","href":"https:\/\/api.w.org\/{rel}","templated":true}]}}