{"id":9512,"date":"2025-09-11T06:35:00","date_gmt":"2025-09-11T09:35:00","guid":{"rendered":"https:\/\/correiodoestado.audiencelabs.com.br\/?p=9512"},"modified":"2025-09-09T19:21:21","modified_gmt":"2025-09-09T22:21:21","slug":"3-coisas-que-a-classe-media-nao-consegue-mais-pagar","status":"publish","type":"post","link":"https:\/\/correiodoestado.audiencelabs.com.br\/3-coisas-que-a-classe-media-nao-consegue-mais-pagar\/","title":{"rendered":"3 coisas que a classe m\u00e9dia n\u00e3o consegue mais pagar"},"content":{"rendered":"\n<p>O status de\u00a0classe m\u00e9dia\u00a0\u00e9 definido por renda mensal, mas n\u00e3o existe um \u00fanico crit\u00e9rio declarat\u00f3rio. De acordo com o Instituto Brasileiro de Geografia e Estat\u00edstica (IBGE), as fam\u00edlias que se enquadram nesse nicho apresentam renda domiciliar per capita entre R$ 1.926 e R$ 8.303 por m\u00eas. O problema \u00e9 que a realidade financeira fez com que o estilo e vida confort\u00e1vel ganhasse contornos menos acess\u00edveis. <\/p>\n\n\n\n<p>Se no passado era poss\u00edvel a classe m\u00e9dia deter algumas regalias luxuosas, o cen\u00e1rio brasileiro fez com que alguns costumes fossem deixados de lado. O padr\u00e3o que outrora detinha privil\u00e9gios nas m\u00e3os, hoje passa a ser ilus\u00f3rio. Assim, o decl\u00ednio econ\u00f4mico-social pode ser notado nos setores da sa\u00fade, mobilidade urbana e aliment\u00edcio.<\/p>\n\n\n\n<figure class=\"wp-block-image size-large\"><img loading=\"lazy\" decoding=\"async\" width=\"1024\" height=\"613\" src=\"https:\/\/correiodoestado.audiencelabs.com.br\/wp-content\/uploads\/2025\/09\/dinheiro_caixa_mcajr_abr_2907221128-1024x613.webp\" alt=\"\" class=\"wp-image-9513\" srcset=\"https:\/\/correiodoestado.audiencelabs.com.br\/wp-content\/uploads\/2025\/09\/dinheiro_caixa_mcajr_abr_2907221128-1024x613.webp 1024w, https:\/\/correiodoestado.audiencelabs.com.br\/wp-content\/uploads\/2025\/09\/dinheiro_caixa_mcajr_abr_2907221128-300x179.webp 300w, https:\/\/correiodoestado.audiencelabs.com.br\/wp-content\/uploads\/2025\/09\/dinheiro_caixa_mcajr_abr_2907221128-768x459.webp 768w, https:\/\/correiodoestado.audiencelabs.com.br\/wp-content\/uploads\/2025\/09\/dinheiro_caixa_mcajr_abr_2907221128-750x449.webp 750w, https:\/\/correiodoestado.audiencelabs.com.br\/wp-content\/uploads\/2025\/09\/dinheiro_caixa_mcajr_abr_2907221128-1140x682.webp 1140w, https:\/\/correiodoestado.audiencelabs.com.br\/wp-content\/uploads\/2025\/09\/dinheiro_caixa_mcajr_abr_2907221128.webp 1170w\" sizes=\"auto, (max-width: 1024px) 100vw, 1024px\" \/><figcaption class=\"wp-element-caption\">Cr\u00e9ditos: Marcello Casal Jr\/Ag\u00eancia Brasil<\/figcaption><\/figure>\n\n\n\n<p>Segundo dados da Ag\u00eancia Nacional de Sa\u00fade (ANS), entre os anos de 2023 e 2025, o reajuste dos planos de sa\u00fade superou os 25%, escancarando a infla\u00e7\u00e3o no <a href=\"https:\/\/correiodoestado.com.br\/mix\/pizzaria-brasileira-acaba-de-ser-classificada-como-a-terceira-melhor-do-mundo\/\" target=\"_blank\" rel=\"noopener\">Brasil<\/a>. Por consequ\u00eancia, v\u00e1rias fam\u00edlias deixaram de manter a cobertura m\u00e9dica, tendo em vista os custos com outros setores. O que parecia alcan\u00e7\u00e1vel para a classe m\u00e9dia, tornou-se de dif\u00edcil acesso.<\/p>\n\n\n\n<p>Por outro lado, a infla\u00e7\u00e3o tamb\u00e9m atingiu o setor automobil\u00edstico. No passado, ter um ve\u00edculo sob posse era parte dos padr\u00f5es que a classe exigia. Todavia, carros populares est\u00e3o sendo comercializados em m\u00e9dia por R$ 73.000 a R$ 100.000. Como resultado das altas parcelas e dificuldade de acesso ao cr\u00e9dito, aplicativos como Uber e 99 ganharam for\u00e7a.<\/p>\n\n\n\n<p>Essencial para a sobreviv\u00eancia, a alimenta\u00e7\u00e3o deixou de ser acess\u00edvel para as mais diversas esferas sociais do Brasil. Enquanto o sal\u00e1rio \u00e9 elevado em poucos reais a cada ano, os valores dos alimentos escalonam desproporcionalmente. Dessa forma, muitas pessoas est\u00e3o trocando alimentos frescos e nutritivos por op\u00e7\u00f5es mais baratas e menos saud\u00e1veis.<\/p>\n\n\n\n<h2 class=\"wp-block-heading\">Mudan\u00e7as que a classe m\u00e9dia e as inferiores podem adotar<\/h2>\n\n\n\n<p>Em uma posi\u00e7\u00e3o de vulnerabilidade, sendo frequentemente impactada pelas crises econ\u00f4micas, a classe m\u00e9dia continua sendo pe\u00e7a essencial para a engrenagem de desenvolvimento e consumo do pa\u00eds. Mesmo com as adversidades presentes no dia a dia, \u00e9 poss\u00edvel adotar medidas que auxiliem a qualidade de vida, mesmo que n\u00e3o da forma desejada.<\/p>\n\n\n\n<p>Para tornar a renda familiar encaixada \u00e0 realidade brasileira, \u00e9 necess\u00e1rio montar um planejamento financeiro. Essa medida trar\u00e1 impacto significativo, tendo em vista a centraliza\u00e7\u00e3o de h\u00e1bitos econ\u00f4micos, como cortar gastos, priorizar despesas essenciais e utilizar transporte p\u00fablico.<\/p>\n\n\n\n<p><a href=\"https:\/\/noticiariofinanceiro.com.br\/3-itens-que-a-classe-media-nao-da-mais-conta-de-pagar\/#respond\" target=\"_blank\" rel=\"noopener\"><\/a><\/p>\n","protected":false},"excerpt":{"rendered":"<p>Outrora esbanjando h\u00e1bitos luxuosos, hoje a classe m\u00e9dia brasileira se depara com a necessidade de cortar gastos para ter acesso ao b\u00e1sico <\/p>\n","protected":false},"author":8,"featured_media":9514,"comment_status":"open","ping_status":"open","sticky":false,"template":"","format":"standard","meta":{"jnews-multi-image_gallery":[],"jnews_single_post":{"format":"standard"},"jnews_primary_category":[],"jnews_social_meta":[],"footnotes":""},"categories":[1],"tags":[],"class_list":["post-9512","post","type-post","status-publish","format-standard","has-post-thumbnail","hentry","category-mix"],"_links":{"self":[{"href":"https:\/\/correiodoestado.audiencelabs.com.br\/wp-json\/wp\/v2\/posts\/9512","targetHints":{"allow":["GET"]}}],"collection":[{"href":"https:\/\/correiodoestado.audiencelabs.com.br\/wp-json\/wp\/v2\/posts"}],"about":[{"href":"https:\/\/correiodoestado.audiencelabs.com.br\/wp-json\/wp\/v2\/types\/post"}],"author":[{"embeddable":true,"href":"https:\/\/correiodoestado.audiencelabs.com.br\/wp-json\/wp\/v2\/users\/8"}],"replies":[{"embeddable":true,"href":"https:\/\/correiodoestado.audiencelabs.com.br\/wp-json\/wp\/v2\/comments?post=9512"}],"version-history":[{"count":1,"href":"https:\/\/correiodoestado.audiencelabs.com.br\/wp-json\/wp\/v2\/posts\/9512\/revisions"}],"predecessor-version":[{"id":9515,"href":"https:\/\/correiodoestado.audiencelabs.com.br\/wp-json\/wp\/v2\/posts\/9512\/revisions\/9515"}],"wp:featuredmedia":[{"embeddable":true,"href":"https:\/\/correiodoestado.audiencelabs.com.br\/wp-json\/wp\/v2\/media\/9514"}],"wp:attachment":[{"href":"https:\/\/correiodoestado.audiencelabs.com.br\/wp-json\/wp\/v2\/media?parent=9512"}],"wp:term":[{"taxonomy":"category","embeddable":true,"href":"https:\/\/correiodoestado.audiencelabs.com.br\/wp-json\/wp\/v2\/categories?post=9512"},{"taxonomy":"post_tag","embeddable":true,"href":"https:\/\/correiodoestado.audiencelabs.com.br\/wp-json\/wp\/v2\/tags?post=9512"}],"curies":[{"name":"wp","href":"https:\/\/api.w.org\/{rel}","templated":true}]}}