{"id":9673,"date":"2025-09-11T07:18:00","date_gmt":"2025-09-11T10:18:00","guid":{"rendered":"https:\/\/correiodoestado.audiencelabs.com.br\/?p=9673"},"modified":"2025-09-10T12:43:04","modified_gmt":"2025-09-10T15:43:04","slug":"nova-lei-esta-vindo-para-proibir-diarias-em-hoteis-com-menos-de-24-horas","status":"publish","type":"post","link":"https:\/\/correiodoestado.audiencelabs.com.br\/nova-lei-esta-vindo-para-proibir-diarias-em-hoteis-com-menos-de-24-horas\/","title":{"rendered":"Nova Lei est\u00e1 vindo para proibir di\u00e1rias em hot\u00e9is com menos de 24 horas"},"content":{"rendered":"\n<p>Muitos turistas t\u00eam reclamado sobre a redu\u00e7\u00e3o do per\u00edodo das di\u00e1rias nos hot\u00e9is, que, por l\u00f3gica, deveriam completar 24h de dura\u00e7\u00e3o. Em contrapartida, no setor hoteleiro, vem sendo comum a ado\u00e7\u00e3o de novos hor\u00e1rios de chegada e sa\u00edda, dificultando ainda mais a vida dos clientes. Pensando em garantir servi\u00e7o de qualidade aos h\u00f3spedes, um projeto de lei est\u00e1 em an\u00e1lise para contornar as imposi\u00e7\u00f5es atuais.<\/p>\n\n\n\n<p>A deputada estadual Carol Caram colocou em evid\u00eancia o PL 3.788\/25, que consiste em instituir que o per\u00edodo de hospedagem corresponda, de fato, a 24 horas, contando a partir da hora do check-in. O texto est\u00e1 em an\u00e1lise na Assembleia Legislativa de <a href=\"https:\/\/correiodoestado.com.br\/mix\/coca-cola-nao-perdeu-tempo-e-ja-comprou-refrigerante-que-virou-febre-em-minas-gerais\/\" target=\"_blank\" rel=\"noopener\">Minas Gerais<\/a> (ALMG) e pode causar mudan\u00e7as dr\u00e1sticas na forma como hot\u00e9is, pousadas e at\u00e9 plataformas como Airbnb e Booking oferecem suas di\u00e1rias. <\/p>\n\n\n\n<figure class=\"wp-block-image size-full\"><img loading=\"lazy\" decoding=\"async\" width=\"740\" height=\"493\" src=\"https:\/\/correiodoestado.audiencelabs.com.br\/wp-content\/uploads\/2025\/09\/viajante-recebido-pelos-recepcionistas-do-hotel_482257-102660.avif\" alt=\"\" class=\"wp-image-9675\" srcset=\"https:\/\/correiodoestado.audiencelabs.com.br\/wp-content\/uploads\/2025\/09\/viajante-recebido-pelos-recepcionistas-do-hotel_482257-102660.avif 740w, https:\/\/correiodoestado.audiencelabs.com.br\/wp-content\/uploads\/2025\/09\/viajante-recebido-pelos-recepcionistas-do-hotel_482257-102660-300x200.avif 300w\" sizes=\"auto, (max-width: 740px) 100vw, 740px\" \/><figcaption class=\"wp-element-caption\">Cr\u00e9ditos: Reprodu\u00e7\u00e3o\/Freepik<\/figcaption><\/figure>\n\n\n\n<p>Nos dias atuais, a maior parte dos estabelecimentos oferece o modelo de servi\u00e7o que descredibiliza o informe de que as di\u00e1rias correspondem a 24 horas. Dessa forma, adotam a realiza\u00e7\u00e3o do check-in a partir das 14h e o check-out entre 11h e 12h. Portanto, com a aprova\u00e7\u00e3o da proposta, essa pr\u00e1tica ser\u00e1 proibida, e o h\u00f3spede ter\u00e1 direito a um per\u00edodo integral de um dia.<\/p>\n\n\n\n<p>A parlamentar que representa o partido Avante entende que, em muitos casos, o consumidor paga por um servi\u00e7o de 24 horas, mas usufrui de menor tempo, o que causa insatisfa\u00e7\u00e3o e contraria os princ\u00edpios da transpar\u00eancia (art. 6\u00ba, inciso III) e da boa-f\u00e9 objetiva (art. 4\u00ba, inciso III), ambos previstos no C\u00f3digo de Defesa do Consumidor.<\/p>\n\n\n\n<h2 class=\"wp-block-heading\">Mudan\u00e7a das di\u00e1rias de hot\u00e9is gera retalia\u00e7\u00f5es<\/h2>\n\n\n\n<p>Embora a iniciativa tenha gerado expectativa nos usu\u00e1rios, o projeto n\u00e3o agradou \u00e0 Associa\u00e7\u00e3o Mineira de Hot\u00e9is de Lazer (AMIHLA). Segundo a entidade, a medida \u00e9 enquadrada como inconstitucional e prejudicial ao turismo. Como forma de retalia\u00e7\u00e3o, informou que, em caso de aprova\u00e7\u00e3o, a lei pode gerar aumento de custos, riscos \u00e0 higieniza\u00e7\u00e3o dos quartos e redu\u00e7\u00e3o de oferta. <\/p>\n\n\n\n<p>O PL 3.788\/25 j\u00e1 foi aprovado pela Comiss\u00e3o de Constitui\u00e7\u00e3o e Justi\u00e7a (CCJ) e agora segue para an\u00e1lise nas comiss\u00f5es de Desenvolvimento Econ\u00f4mico e de Defesa do Consumidor e do Contribuinte. Posteriormente, passar\u00e1 pela vota\u00e7\u00e3o preliminar no Plen\u00e1rio da ALMG.\u00a0Caso aprovado, a proibi\u00e7\u00e3o valer\u00e1 para qualquer servi\u00e7o de hospedagem em\u00a0Minas Gerais.<\/p>\n","protected":false},"excerpt":{"rendered":"<p>Projeto de lei pretende acabar com di\u00e1rias em hot\u00e9is com menos de 24 horas, gerando euforia nos turistas e revolta no setor hoteleiro <\/p>\n","protected":false},"author":8,"featured_media":9674,"comment_status":"open","ping_status":"open","sticky":false,"template":"","format":"standard","meta":{"jnews-multi-image_gallery":[],"jnews_single_post":{"format":"standard"},"jnews_primary_category":[],"jnews_social_meta":[],"footnotes":""},"categories":[1],"tags":[],"class_list":["post-9673","post","type-post","status-publish","format-standard","has-post-thumbnail","hentry","category-mix"],"_links":{"self":[{"href":"https:\/\/correiodoestado.audiencelabs.com.br\/wp-json\/wp\/v2\/posts\/9673","targetHints":{"allow":["GET"]}}],"collection":[{"href":"https:\/\/correiodoestado.audiencelabs.com.br\/wp-json\/wp\/v2\/posts"}],"about":[{"href":"https:\/\/correiodoestado.audiencelabs.com.br\/wp-json\/wp\/v2\/types\/post"}],"author":[{"embeddable":true,"href":"https:\/\/correiodoestado.audiencelabs.com.br\/wp-json\/wp\/v2\/users\/8"}],"replies":[{"embeddable":true,"href":"https:\/\/correiodoestado.audiencelabs.com.br\/wp-json\/wp\/v2\/comments?post=9673"}],"version-history":[{"count":2,"href":"https:\/\/correiodoestado.audiencelabs.com.br\/wp-json\/wp\/v2\/posts\/9673\/revisions"}],"predecessor-version":[{"id":9681,"href":"https:\/\/correiodoestado.audiencelabs.com.br\/wp-json\/wp\/v2\/posts\/9673\/revisions\/9681"}],"wp:featuredmedia":[{"embeddable":true,"href":"https:\/\/correiodoestado.audiencelabs.com.br\/wp-json\/wp\/v2\/media\/9674"}],"wp:attachment":[{"href":"https:\/\/correiodoestado.audiencelabs.com.br\/wp-json\/wp\/v2\/media?parent=9673"}],"wp:term":[{"taxonomy":"category","embeddable":true,"href":"https:\/\/correiodoestado.audiencelabs.com.br\/wp-json\/wp\/v2\/categories?post=9673"},{"taxonomy":"post_tag","embeddable":true,"href":"https:\/\/correiodoestado.audiencelabs.com.br\/wp-json\/wp\/v2\/tags?post=9673"}],"curies":[{"name":"wp","href":"https:\/\/api.w.org\/{rel}","templated":true}]}}