{"id":9690,"date":"2025-09-10T14:04:54","date_gmt":"2025-09-10T17:04:54","guid":{"rendered":"https:\/\/correiodoestado.audiencelabs.com.br\/?p=9690"},"modified":"2025-09-10T14:04:58","modified_gmt":"2025-09-10T17:04:58","slug":"salario-do-ministro-luiz-fux-que-pediu-anulacao-do-julgamento-de-bolsonaro","status":"publish","type":"post","link":"https:\/\/correiodoestado.audiencelabs.com.br\/salario-do-ministro-luiz-fux-que-pediu-anulacao-do-julgamento-de-bolsonaro\/","title":{"rendered":"Sal\u00e1rio do ministro Luiz Fux que pediu anula\u00e7\u00e3o do julgamento de Bolsonaro"},"content":{"rendered":"\n<p>O ministro do Supremo Tribunal Federal (STF) Luiz Fux votou pela anula\u00e7\u00e3o do processo que envolve o ex-presidente Jair Bolsonaro e outros r\u00e9us acusados de tentativa de golpe de Estado. Entre os pontos levantados, destacou a incompet\u00eancia do STF para julgar acusados sem prerrogativa de foro, a inadequa\u00e7\u00e3o de o caso tramitar na Primeira Turma em vez do Plen\u00e1rio e o cerceamento de defesa diante do grande volume de provas reunidas.<\/p>\n\n\n\n<p>Por outro lado, o sal\u00e1rio que Fux recebe como integrante da Corte tamb\u00e9m chama aten\u00e7\u00e3o. Desde fevereiro de 2025, ele recebe R$ 46.366,19 brutos por m\u00eas, valor que corresponde ao teto do funcionalismo p\u00fablico federal. O montante foi alcan\u00e7ado ap\u00f3s reajustes escalonados previstos na Lei 14.520\/2023, que elevaram os vencimentos de R$ 41,6 mil em 2023 para R$ 44 mil em 2024.<\/p>\n\n\n\n<p>Esse valor corresponde ao subs\u00eddio-base de Fux, sem adicionais como aux\u00edlio-moradia ou vale-alimenta\u00e7\u00e3o, que n\u00e3o integram mais a remunera\u00e7\u00e3o dos ministros. O magistrado, no entanto, disp\u00f5e de estrutura de apoio institucional, carro oficial e adicional de f\u00e9rias. Ap\u00f3s os descontos obrigat\u00f3rios, como Imposto de Renda e Previd\u00eancia, o valor l\u00edquido fica abaixo do teto divulgado, mas ainda representa a maior remunera\u00e7\u00e3o do servi\u00e7o p\u00fablico federal.<\/p>\n\n\n\n<p>Apesar do voto de Fux, a anula\u00e7\u00e3o do processo s\u00f3 seria confirmada se os ministros C\u00e1rmen L\u00facia e Cristiano Zanin acompanhassem sua diverg\u00eancia. Esse desfecho, no entanto, \u00e9 considerado improv\u00e1vel, levando em conta o posicionamento de ambos em fases anteriores da a\u00e7\u00e3o penal.<\/p>\n","protected":false},"excerpt":{"rendered":"<p>O ministro do Supremo Tribunal Federal (STF) Luiz Fux votou pela anula\u00e7\u00e3o do processo que envolve o ex-presidente Jair Bolsonaro e outros r\u00e9us acusados de tentativa de golpe de Estado. Entre os pontos levantados, destacou a incompet\u00eancia do STF para julgar acusados sem prerrogativa de foro, a inadequa\u00e7\u00e3o de o caso tramitar na Primeira Turma [&hellip;]<\/p>\n","protected":false},"author":3,"featured_media":9693,"comment_status":"open","ping_status":"open","sticky":false,"template":"","format":"standard","meta":{"jnews-multi-image_gallery":[],"jnews_single_post":{"format":"standard"},"jnews_primary_category":[],"jnews_social_meta":[],"footnotes":""},"categories":[1],"tags":[],"class_list":["post-9690","post","type-post","status-publish","format-standard","has-post-thumbnail","hentry","category-mix"],"_links":{"self":[{"href":"https:\/\/correiodoestado.audiencelabs.com.br\/wp-json\/wp\/v2\/posts\/9690","targetHints":{"allow":["GET"]}}],"collection":[{"href":"https:\/\/correiodoestado.audiencelabs.com.br\/wp-json\/wp\/v2\/posts"}],"about":[{"href":"https:\/\/correiodoestado.audiencelabs.com.br\/wp-json\/wp\/v2\/types\/post"}],"author":[{"embeddable":true,"href":"https:\/\/correiodoestado.audiencelabs.com.br\/wp-json\/wp\/v2\/users\/3"}],"replies":[{"embeddable":true,"href":"https:\/\/correiodoestado.audiencelabs.com.br\/wp-json\/wp\/v2\/comments?post=9690"}],"version-history":[{"count":1,"href":"https:\/\/correiodoestado.audiencelabs.com.br\/wp-json\/wp\/v2\/posts\/9690\/revisions"}],"predecessor-version":[{"id":9694,"href":"https:\/\/correiodoestado.audiencelabs.com.br\/wp-json\/wp\/v2\/posts\/9690\/revisions\/9694"}],"wp:featuredmedia":[{"embeddable":true,"href":"https:\/\/correiodoestado.audiencelabs.com.br\/wp-json\/wp\/v2\/media\/9693"}],"wp:attachment":[{"href":"https:\/\/correiodoestado.audiencelabs.com.br\/wp-json\/wp\/v2\/media?parent=9690"}],"wp:term":[{"taxonomy":"category","embeddable":true,"href":"https:\/\/correiodoestado.audiencelabs.com.br\/wp-json\/wp\/v2\/categories?post=9690"},{"taxonomy":"post_tag","embeddable":true,"href":"https:\/\/correiodoestado.audiencelabs.com.br\/wp-json\/wp\/v2\/tags?post=9690"}],"curies":[{"name":"wp","href":"https:\/\/api.w.org\/{rel}","templated":true}]}}