{"id":9876,"date":"2025-09-11T14:23:00","date_gmt":"2025-09-11T17:23:00","guid":{"rendered":"https:\/\/correiodoestado.audiencelabs.com.br\/?p=9876"},"modified":"2025-09-11T12:51:18","modified_gmt":"2025-09-11T15:51:18","slug":"gugu-liberato-e-fabio-junior-disputaram-concessao-de-canal-de-tv-em-sao-paulo","status":"publish","type":"post","link":"https:\/\/correiodoestado.audiencelabs.com.br\/gugu-liberato-e-fabio-junior-disputaram-concessao-de-canal-de-tv-em-sao-paulo\/","title":{"rendered":"Gugu Liberato e F\u00e1bio J\u00fanior disputaram concess\u00e3o de canal de TV em S\u00e3o Paulo"},"content":{"rendered":"\n<p>No final dos anos 1990, a reconfigura\u00e7\u00e3o do cen\u00e1rio televisivo brasileiro ap\u00f3s o fim da Rede Manchete gerou uma corrida por concess\u00f5es de canais UHF. Na Baixada Santista, o processo para implanta\u00e7\u00e3o da VTV revelou embates entre celebridades e grupos pol\u00edticos locais, com Gugu Liberato buscando concretizar seu antigo projeto de criar uma emissora mesclando jornalismo e entretenimento.&nbsp;&nbsp;<\/p>\n\n\n\n<h2 class=\"wp-block-heading\">A batalha pela frequ\u00eancia 36&nbsp;&nbsp;<\/h2>\n\n\n\n<p>Entre 1998 e 2000, sete grupos concorreram \u00e0 concess\u00e3o do canal em Santos. F\u00e1bio J\u00fanior surpreendeu ao entrar na disputa, enquanto Gugu Liberato articulava parcerias para viabilizar seu modelo de &#8220;CNN brasileira com tempero de E!&#8221;. O apresentador do SBT investiu em documenta\u00e7\u00e3o t\u00e9cnica e projetos de programa\u00e7\u00e3o, mas a licita\u00e7\u00e3o foi vencida pelo Grupo PRM &#8211; sigla que correspondia a Paulo Roberto Mansur, ent\u00e3o prefeito eleito da cidade.&nbsp;&nbsp;<\/p>\n\n\n\n<p>&#8220;Fiz tudo certo. Ningu\u00e9m pode desmoralizar o trabalho de um sujeito assim&#8221;, declarou Gugu \u00e0 imprensa ap\u00f3s o resultado. A derrota ocorreu apesar de seu grupo oferecer 28% do capital social a acionistas minorit\u00e1rios, estrat\u00e9gia in\u00e9dita no setor. Registros do Minist\u00e9rio das Comunica\u00e7\u00f5es mostram que a proposta vencedora previa 98% de controle familiar.&nbsp;&nbsp;<\/p>\n\n\n\n<figure class=\"wp-block-image size-large\"><img loading=\"lazy\" decoding=\"async\" width=\"1024\" height=\"576\" src=\"https:\/\/correiodoestado.audiencelabs.com.br\/wp-content\/uploads\/2025\/09\/gugu-liberato-programas-viva-a-noite-1024x576.webp\" alt=\"Gugu nos anos 90\" class=\"wp-image-9885\" \/><figcaption class=\"wp-element-caption\">Cr\u00e9ditos: Reprodu\u00e7\u00e3o<\/figcaption><\/figure>\n\n\n\n<h2 class=\"wp-block-heading\">Conex\u00f5es pol\u00edticas e legado midi\u00e1tico&nbsp;&nbsp;<\/h2>\n\n\n\n<p>A fam\u00edlia Mansur j\u00e1 operava a R\u00e1dio Cultura desde 1957 e utilizou a experi\u00eancia em telecomunica\u00e7\u00f5es para estruturar a VTV. Embora negassem inicialmente o v\u00ednculo com o prefeito, documentos comprovaram que 62% das cotas pertenciam a seus parentes diretos. O modelo de gest\u00e3o familiar permitiu rapidamente a instala\u00e7\u00e3o de torres de transmiss\u00e3o em tr\u00eas munic\u00edpios da regi\u00e3o.&nbsp;&nbsp;<\/p>\n\n\n\n<p>Gugu tentaria novamente em 2003, adquirindo a TV Pantanal em Mato Grosso. O projeto durou 11 meses antes de ser vendido ao Grupo Jaime C\u00e2mara, mantendo-se como caso emblem\u00e1tico de como concess\u00f5es de TV no Brasil frequentemente envolvem interse\u00e7\u00f5es entre interesses midi\u00e1ticos e estruturas de poder local.&nbsp;<\/p>\n","protected":false},"excerpt":{"rendered":"<p>No final dos anos 1990, a reconfigura\u00e7\u00e3o do cen\u00e1rio televisivo brasileiro ap\u00f3s o fim da Rede Manchete gerou uma corrida por concess\u00f5es de canais UHF. Na Baixada Santista, o processo para implanta\u00e7\u00e3o da VTV revelou embates entre celebridades e grupos pol\u00edticos locais, com Gugu Liberato buscando concretizar seu antigo projeto de criar uma emissora mesclando [&hellip;]<\/p>\n","protected":false},"author":13,"featured_media":9886,"comment_status":"open","ping_status":"open","sticky":false,"template":"","format":"standard","meta":{"jnews-multi-image_gallery":[],"jnews_single_post":{"format":"standard"},"jnews_primary_category":[],"jnews_social_meta":[],"footnotes":""},"categories":[1],"tags":[],"class_list":["post-9876","post","type-post","status-publish","format-standard","has-post-thumbnail","hentry","category-mix"],"_links":{"self":[{"href":"https:\/\/correiodoestado.audiencelabs.com.br\/wp-json\/wp\/v2\/posts\/9876","targetHints":{"allow":["GET"]}}],"collection":[{"href":"https:\/\/correiodoestado.audiencelabs.com.br\/wp-json\/wp\/v2\/posts"}],"about":[{"href":"https:\/\/correiodoestado.audiencelabs.com.br\/wp-json\/wp\/v2\/types\/post"}],"author":[{"embeddable":true,"href":"https:\/\/correiodoestado.audiencelabs.com.br\/wp-json\/wp\/v2\/users\/13"}],"replies":[{"embeddable":true,"href":"https:\/\/correiodoestado.audiencelabs.com.br\/wp-json\/wp\/v2\/comments?post=9876"}],"version-history":[{"count":1,"href":"https:\/\/correiodoestado.audiencelabs.com.br\/wp-json\/wp\/v2\/posts\/9876\/revisions"}],"predecessor-version":[{"id":9888,"href":"https:\/\/correiodoestado.audiencelabs.com.br\/wp-json\/wp\/v2\/posts\/9876\/revisions\/9888"}],"wp:featuredmedia":[{"embeddable":true,"href":"https:\/\/correiodoestado.audiencelabs.com.br\/wp-json\/wp\/v2\/media\/9886"}],"wp:attachment":[{"href":"https:\/\/correiodoestado.audiencelabs.com.br\/wp-json\/wp\/v2\/media?parent=9876"}],"wp:term":[{"taxonomy":"category","embeddable":true,"href":"https:\/\/correiodoestado.audiencelabs.com.br\/wp-json\/wp\/v2\/categories?post=9876"},{"taxonomy":"post_tag","embeddable":true,"href":"https:\/\/correiodoestado.audiencelabs.com.br\/wp-json\/wp\/v2\/tags?post=9876"}],"curies":[{"name":"wp","href":"https:\/\/api.w.org\/{rel}","templated":true}]}}